{"id":112701,"date":"2023-12-21T21:59:03","date_gmt":"2023-12-22T00:59:03","guid":{"rendered":"https:\/\/corrientesdetarde.com\/?p=112701"},"modified":"2023-12-21T22:30:50","modified_gmt":"2023-12-22T01:30:50","slug":"juan-foyth-fue-operado-con-exito-de-la-lesion-en-el-hombro","status":"publish","type":"post","link":"https:\/\/corrientesdetarde.com\/index.php\/deportes\/juan-foyth-fue-operado-con-exito-de-la-lesion-en-el-hombro\/","title":{"rendered":"Juan Foyth fue operado con \u00e9xito de la lesi\u00f3n en el hombro"},"content":{"rendered":"\n<p>El defensor campe\u00f3n del mundo con la Selecci\u00f3n argentina lament\u00f3 dejar a sus compa\u00f1eros &#8220;por un tiempo&#8221;.<\/p>\n\n\n\n<p><strong>El defensor argentino Juan Foyth,<\/strong>&nbsp;que milita en el Villarreal de Espa\u00f1a,<strong>&nbsp;fue intervenido quir\u00fargicamente por una lesi\u00f3n en el hombro, este jueves, &nbsp;y la misma fue con \u00e9xito, aunque lament\u00f3 volver a pasar por una operaci\u00f3n.<\/strong><\/p>\n\n\n\n<p>El campe\u00f3n del mundo con la Selecci\u00f3n argentina en Qatar 2022, no tuvo el a\u00f1os so\u00f1ado en el \u201csubmarino amarillo\u201d, ya que pese a ostentar un buen nivel futbol\u00edstico, las lesiones no lo acompa\u00f1aron y le privaron desempe\u00f1arse con regularidad.<\/p>\n\n\n\n<p><strong>&#8220;Despu\u00e9s de ya casi un a\u00f1o sin poder competir como quisiera, despu\u00e9s de pensar y hablar con la gente que me rodea, decidimos junto al club volver a operar el hombro&#8221;<\/strong>, manifest\u00f3 el defensor en su cuenta de Instagram.<\/p>\n\n\n\n<p>Adem\u00e1s,\u00a0el ex Estudiantes de La Plata, agreg\u00f3:\u00a0<strong>&#8220;Me duele dejar a mis compa\u00f1eros un tiempo, pero m\u00e1s me dol\u00eda sentir que no estaba a su altura para competir y ayudar al equipo<\/strong>. Hoy estoy tranquilo sabiendo que<strong>\u00a0hice todo para estar bien pero muchas veces las cosas no salen como uno quiere. Ya estoy pensando en la vuelta y apoyando a mi equipo desde donde pueda&#8221;.<\/strong><\/p>\n\n\n\n<figure class=\"wp-block-image size-full\"><img loading=\"lazy\" decoding=\"async\" width=\"777\" height=\"456\" src=\"https:\/\/corrientesdetarde.com\/wp-content\/uploads\/2023\/12\/image-577.png\" alt=\"\" class=\"wp-image-112704\" srcset=\"https:\/\/corrientesdetarde.com\/wp-content\/uploads\/2023\/12\/image-577.png 777w, https:\/\/corrientesdetarde.com\/wp-content\/uploads\/2023\/12\/image-577-300x176.png 300w, https:\/\/corrientesdetarde.com\/wp-content\/uploads\/2023\/12\/image-577-768x451.png 768w\" sizes=\"auto, (max-width: 777px) 100vw, 777px\" \/><\/figure>\n\n\n\n<p>En la temporada 2023,&nbsp;<strong>Foyth<\/strong><strong>&nbsp;<\/strong>disput\u00f3 apenas<strong>&nbsp;<\/strong><strong>16 partidos con la camiseta de Villarreal entre La Liga, Copa del Rey y la Europa League<\/strong>, y anot\u00f3 un gol, en la<strong>&nbsp;<\/strong><strong>ca\u00edda por 4-3 ante Barcelona<\/strong><strong>&nbsp;<\/strong>en el&nbsp;<strong>Estadio de la Cer\u00e1mica<\/strong>.<\/p>\n\n\n\n<p>En cuanto a la&nbsp;<strong>Selecci\u00f3n argentina<\/strong>, solo particip\u00f3 del amistoso con&nbsp;<strong>Curazao<\/strong><strong>&nbsp;<\/strong>en marzo en el&nbsp;<strong>Estadio Madre de Ciudades de Santiago del Estero,<\/strong><strong>&nbsp;<\/strong>para festejar el t\u00edtulo en el&nbsp;<strong>Mundial de Qatar 2022<\/strong>. En el mismo fue suplente y luego ingres\u00f3 en el arranque del complemento.<\/p>\n","protected":false},"excerpt":{"rendered":"<p>El defensor campe\u00f3n del mundo con la Selecci\u00f3n argentina lament\u00f3 dejar a sus compa\u00f1eros &#8220;por un tiempo&#8221;. El defensor argentino Juan Foyth,&nbsp;que milita en el Villarreal de Espa\u00f1a,&nbsp;fue intervenido quir\u00fargicamente&hellip; <\/p>\n","protected":false},"author":4,"featured_media":112702,"comment_status":"closed","ping_status":"open","sticky":false,"template":"","format":"standard","meta":{"footnotes":""},"categories":[4],"tags":[],"class_list":["post-112701","post","type-post","status-publish","format-standard","has-post-thumbnail","hentry","category-deportes"],"_links":{"self":[{"href":"https:\/\/corrientesdetarde.com\/index.php\/wp-json\/wp\/v2\/posts\/112701","targetHints":{"allow":["GET"]}}],"collection":[{"href":"https:\/\/corrientesdetarde.com\/index.php\/wp-json\/wp\/v2\/posts"}],"about":[{"href":"https:\/\/corrientesdetarde.com\/index.php\/wp-json\/wp\/v2\/types\/post"}],"author":[{"embeddable":true,"href":"https:\/\/corrientesdetarde.com\/index.php\/wp-json\/wp\/v2\/users\/4"}],"replies":[{"embeddable":true,"href":"https:\/\/corrientesdetarde.com\/index.php\/wp-json\/wp\/v2\/comments?post=112701"}],"version-history":[{"count":2,"href":"https:\/\/corrientesdetarde.com\/index.php\/wp-json\/wp\/v2\/posts\/112701\/revisions"}],"predecessor-version":[{"id":112706,"href":"https:\/\/corrientesdetarde.com\/index.php\/wp-json\/wp\/v2\/posts\/112701\/revisions\/112706"}],"wp:featuredmedia":[{"embeddable":true,"href":"https:\/\/corrientesdetarde.com\/index.php\/wp-json\/wp\/v2\/media\/112702"}],"wp:attachment":[{"href":"https:\/\/corrientesdetarde.com\/index.php\/wp-json\/wp\/v2\/media?parent=112701"}],"wp:term":[{"taxonomy":"category","embeddable":true,"href":"https:\/\/corrientesdetarde.com\/index.php\/wp-json\/wp\/v2\/categories?post=112701"},{"taxonomy":"post_tag","embeddable":true,"href":"https:\/\/corrientesdetarde.com\/index.php\/wp-json\/wp\/v2\/tags?post=112701"}],"curies":[{"name":"wp","href":"https:\/\/api.w.org\/{rel}","templated":true}]}}