{"id":113301,"date":"2023-12-23T14:46:23","date_gmt":"2023-12-23T17:46:23","guid":{"rendered":"https:\/\/corrientesdetarde.com\/?p=113301"},"modified":"2023-12-23T14:56:28","modified_gmt":"2023-12-23T17:56:28","slug":"se-supo-por-que-luciana-salazar-le-pone-uniforme-a-su-mucama","status":"publish","type":"post","link":"https:\/\/corrientesdetarde.com\/index.php\/espectaculos\/se-supo-por-que-luciana-salazar-le-pone-uniforme-a-su-mucama\/","title":{"rendered":"Se supo por qu\u00e9 Luciana Salazar le pone uniforme a su mucama"},"content":{"rendered":"\n<p>D\u00edas atr\u00e1s,\u00a0<strong>Luciana Salazar<\/strong>\u00a0fue duramente criticada por\u00a0<strong>publicar una foto de su mucama<\/strong>, que se volvi\u00f3 como una abuela para su\u00a0<strong>hija Matilda<\/strong>. El esc\u00e1ndalo se desat\u00f3 porque la obliga a llevar uniforme. La visti\u00f3 de rosa como en las telenovelas mexicanas y a sus seguidores no les gust\u00f3 nada. Sin embargo, todo tiene una explicaci\u00f3n.<\/p>\n\n\n\n<p>Hace dos a\u00f1os, la modelo ya hab\u00eda sido vista con su empleada en un supermercado. En aquel entonces, recogi\u00f3 el guante y contest\u00f3 a quienes la insultaron por la ropa que llevaba puesta la mujer.\u00a0<strong>\u201cEst\u00e1 feliz de tener uniforme porque no mancha la ropa. Me agradece<\/strong>. \u00bfLos m\u00e9dicos y los que trabajan en porter\u00eda est\u00e1n estigmatizados?\u201d, lanz\u00f3.<\/p>\n\n\n\n<p>En aquel entonces, Yanina Latorre la fulmin\u00f3 sin piedad. \u201cSinceramente, Luli, no aclares que oscurece.&nbsp;<strong>\u00bfPara qu\u00e9 llev\u00e1s compa\u00f1\u00eda? \u00bfPara mostrar que sos una se\u00f1ora rica?<\/strong>&nbsp;Al pedo. \u00bfPara demostrar que no ten\u00e9s nada que hacer? Porque en ese momento no laburabas. Y vas con una empleada escolt\u00e1ndote. Y cuando dijo \u2018ellas usan uniformes porque son felices\u2019&#8230;&nbsp;<strong>Yo dudo que una mujer en sus cabales elija eso<\/strong>\u201d, arremeti\u00f3 al aire de&nbsp;<em>LAM (eltrece).<\/em><\/p>\n\n\n\n<figure class=\"wp-block-image\"><img decoding=\"async\" src=\"https:\/\/tn.com.ar\/resizer\/_eYcfpqKprtnrO5m8vsScMkhLv4=\/767x0\/smart\/filters:format(webp)\/cloudfront-us-east-1.images.arcpublishing.com\/artear\/JQ3GIECRDFG4BHZT2LKTSJPR7M.jpg\" alt=\"Luciana Salazar expuso el hermoso v\u00ednculo que hay entre Matilda y su mucama. (Foto: instagram\/salazarluli)\"\/><figcaption>Luciana Salazar expuso el hermoso v\u00ednculo que hay entre Matilda y su mucama. (Foto: instagram\/salazarluli)<\/figcaption><\/figure>\n\n\n\n<p>En esta oportunidad, Salazar opt\u00f3 por el silencio, aunque la foto sigue viraliz\u00e1ndose. No hay dudas de que para ella las se\u00f1oras que la ayudan con los quehaceres dom\u00e9sticos son parte de la familia, ya que el cari\u00f1o que le dan a Matilda lo comprueba.<\/p>\n\n\n\n<figure class=\"wp-block-image\"><img decoding=\"async\" src=\"https:\/\/tn.com.ar\/resizer\/nvnQyWT4sKdiJx0lpkWt0opqHzE=\/767x0\/smart\/filters:format(webp)\/cloudfront-us-east-1.images.arcpublishing.com\/artear\/TG5NOTQWWBEZ7JHL4I3APZOT7U.jpg\" alt=\"Luciana Salazar en el supermercado con su hija y la mucama en 2021. (Foto: Twitter\/madeinsanisidro).\"\/><figcaption>Luciana Salazar en el supermercado con su hija y la mucama en 2021. (Foto: Twitter\/madeinsanisidro).<\/figcaption><\/figure>\n\n\n\n<h2 class=\"wp-block-heading\">Luciana Salazar explic\u00f3 por qu\u00e9 su hija de casi seis a\u00f1os no egres\u00f3 de preescolar<\/h2>\n\n\n\n<p>Luciana Salazar se siente una madraza con Matilda, a quien consiente mucho pero tambi\u00e9n le pone l\u00edmites. D\u00edas antes del sexto cumplea\u00f1os de la nena, le dio una entrevista a&nbsp;<em>Gente<\/em>&nbsp;donde hizo declaraciones fuertes sobre el conflicto que todav\u00eda mantiene con Mart\u00edn Redrado por la cuota alimentaria. Adem\u00e1s,&nbsp;<strong>explic\u00f3 por qu\u00e9 su hija no pudo terminar el preescolar, como corresponder\u00eda acorde a su edad.<\/strong><\/p>\n\n\n\n<p>\u201cNo egres\u00f3 porque, como va a un colegio americano egresa reci\u00e9n en junio del 2024: tiene un calendario escolar diferente. Ahora, para las Fiestas, tiene un receso, pero sus vacaciones largas son de junio a agosto. La verdad es que estoy s\u00faper conforme con el lugar, es excelente. Algo que muchas personas no saben es que lo elegimos con Mart\u00edn antes de que ella nazca\u201d, coment\u00f3.<\/p>\n\n\n\n<figure class=\"wp-block-image\"><img decoding=\"async\" src=\"https:\/\/tn.com.ar\/resizer\/b61S8PhgSjCgE8wYANj42kDWtuA=\/767x0\/smart\/filters:format(webp)\/cloudfront-us-east-1.images.arcpublishing.com\/artear\/CTH54UDSIBGG7GQEE3IH5AEKBA.jpg\" alt=\"Luciana Salazar explic\u00f3 que su hija de casi seis a\u00f1os no termin\u00f3 el preescolar: lo har\u00e1 en junio. (Foto: Chris Beliera\/ GENTE)\"\/><figcaption>Luciana Salazar explic\u00f3 que su hija de casi seis a\u00f1os no termin\u00f3 el preescolar: lo har\u00e1 en junio. (Foto: Chris Beliera\/ GENTE)<\/figcaption><\/figure>\n\n\n\n<p>Acto seguido, la modelo y actriz confirm\u00f3 que Matilda iba a tener un imponente festejo de cumplea\u00f1os: \u201c\u00a1Estamos a full! Ya eligi\u00f3 la tem\u00e1tica: este a\u00f1o es La Sirenita porque es s\u00faper fan de la pel\u00edcula. Matu tiene una planner -Tamara Pont- que se ocupa de todos sus cumples y ya est\u00e1 trabajando en la organizaci\u00f3n de la fiesta\u201d. Finalmente, todo se dio como esperaba, ya que el 16 de diciembre la peque\u00f1a disfrut\u00f3 de una tarde \u00fanica.<\/p>\n","protected":false},"excerpt":{"rendered":"<p>D\u00edas atr\u00e1s,\u00a0Luciana Salazar\u00a0fue duramente criticada por\u00a0publicar una foto de su mucama, que se volvi\u00f3 como una abuela para su\u00a0hija Matilda. El esc\u00e1ndalo se desat\u00f3 porque la obliga a llevar uniforme.&hellip; <\/p>\n","protected":false},"author":12,"featured_media":113302,"comment_status":"closed","ping_status":"open","sticky":false,"template":"","format":"standard","meta":{"footnotes":""},"categories":[19],"tags":[],"class_list":["post-113301","post","type-post","status-publish","format-standard","has-post-thumbnail","hentry","category-espectaculos"],"_links":{"self":[{"href":"https:\/\/corrientesdetarde.com\/index.php\/wp-json\/wp\/v2\/posts\/113301","targetHints":{"allow":["GET"]}}],"collection":[{"href":"https:\/\/corrientesdetarde.com\/index.php\/wp-json\/wp\/v2\/posts"}],"about":[{"href":"https:\/\/corrientesdetarde.com\/index.php\/wp-json\/wp\/v2\/types\/post"}],"author":[{"embeddable":true,"href":"https:\/\/corrientesdetarde.com\/index.php\/wp-json\/wp\/v2\/users\/12"}],"replies":[{"embeddable":true,"href":"https:\/\/corrientesdetarde.com\/index.php\/wp-json\/wp\/v2\/comments?post=113301"}],"version-history":[{"count":2,"href":"https:\/\/corrientesdetarde.com\/index.php\/wp-json\/wp\/v2\/posts\/113301\/revisions"}],"predecessor-version":[{"id":113317,"href":"https:\/\/corrientesdetarde.com\/index.php\/wp-json\/wp\/v2\/posts\/113301\/revisions\/113317"}],"wp:featuredmedia":[{"embeddable":true,"href":"https:\/\/corrientesdetarde.com\/index.php\/wp-json\/wp\/v2\/media\/113302"}],"wp:attachment":[{"href":"https:\/\/corrientesdetarde.com\/index.php\/wp-json\/wp\/v2\/media?parent=113301"}],"wp:term":[{"taxonomy":"category","embeddable":true,"href":"https:\/\/corrientesdetarde.com\/index.php\/wp-json\/wp\/v2\/categories?post=113301"},{"taxonomy":"post_tag","embeddable":true,"href":"https:\/\/corrientesdetarde.com\/index.php\/wp-json\/wp\/v2\/tags?post=113301"}],"curies":[{"name":"wp","href":"https:\/\/api.w.org\/{rel}","templated":true}]}}