{"id":113378,"date":"2023-12-23T17:18:13","date_gmt":"2023-12-23T20:18:13","guid":{"rendered":"https:\/\/corrientesdetarde.com\/?p=113378"},"modified":"2023-12-23T17:18:30","modified_gmt":"2023-12-23T20:18:30","slug":"asi-sera-la-programacion-de-la-nacion-en-2024","status":"publish","type":"post","link":"https:\/\/corrientesdetarde.com\/index.php\/informacion-general\/asi-sera-la-programacion-de-la-nacion-en-2024\/","title":{"rendered":"As\u00ed ser\u00e1 la programaci\u00f3n de La Naci\u00f3n+ en 2024"},"content":{"rendered":"\n<p>Como suele suceder a finales de cada temporada, y sobre todo si tenemos en cuenta la incidencia que provoca un a\u00f1o electoral tan fuerte como el que venimos viviendo, los canales de televisi\u00f3n comienzan a rearmar su grilla de\u00a0<strong>programaci\u00f3n<\/strong>\u00a0para lo que viene. En este contexto, uno de los que m\u00e1s se ha movido en estos meses es\u00a0<strong>La Naci\u00f3n +<\/strong>.<\/p>\n\n\n\n<p>Durante los \u00faltimos meses, cada canal de noticias ha estado jugando un rol determinante dentro de las elecciones presidenciales que tuvieron lugar este a\u00f1o. E independientemente de la inclinaci\u00f3n ideol\u00f3gica pol\u00edtica que tengan, el futuro presagia algunos cambios fuertes.<\/p>\n\n\n\n<figure class=\"wp-block-image\"><img decoding=\"async\" src=\"https:\/\/www.mdzol.com\/u\/fotografias\/m\/2023\/12\/23\/f768x1-1527172_1527299_42.jpg\" alt=\"\"\/><figcaption>Algunas de las figuras de LN+: Eduardo Feinmann, Viviana Canosa, Luis Majul y Pablo Rossi.<\/figcaption><\/figure>\n\n\n\n<p>En el caso de\u00a0<strong>La Naci\u00f3n +<\/strong>, el destino estuvo bastante sujeto a la suerte con la que corri\u00f3 Patricia Bullrich en las urnas electorales. Si bien en alg\u00fan momento se apost\u00f3 fuerte por ella como candidata, la ahora Ministra de Seguridad no fue elegida por la mayor\u00eda de los argentinos.<strong>TE PODR\u00cdA INTERESAR<\/strong><\/p>\n\n\n\n<p>A la vista est\u00e1 que no se teji\u00f3 su mejor panorama, sin embargo lograron sacar margen positivo desde la alianza de Juntos por el Cambio con La Libertad Avanza, coalici\u00f3n liderada por Javier Milei, elegido el nuevo presidente de la Argentina en el balojate.<\/p>\n\n\n\n<p>En este punto, ahora el 2024 del canal comenz\u00f3 a apostar fuerte a lo que ser\u00e1n sus figuras. Ya ven\u00eda teniendo un abanico fuerte, con pilares como Eduardo Feinmann, Viviana Canosa, Luis Majul, Luis Novaresio, Pablo Rossi, Alfredo Leuco, entre otros.<\/p>\n\n\n\n<p>Pero ahora, teniendo en cuenta tambi\u00e9n la partida de un estandarte fuerte como Joni Viale -no renov\u00f3 contrato-,<strong>&nbsp;La Naci\u00f3n +<\/strong>&nbsp;comenz\u00f3 a reorganizar su grilla para el a\u00f1o pr\u00f3ximo con algunos cambios. As\u00ed lo confirm\u00f3 Yanina Latorre.<\/p>\n\n\n\n<figure class=\"wp-block-image\"><img decoding=\"async\" src=\"https:\/\/www.mdzol.com\/u\/fotografias\/m\/2023\/12\/23\/f768x1-1527173_1527300_5050.jpg\" alt=\"\"\/><figcaption>Esteban Trebucq y Antonio Laje se sumar\u00e1n a LN+ en 2024.<\/figcaption><\/figure>\n\n\n\n<p>De momento, dos de las primeras informaciones fuertes que maneja el canal son las llegadas de Antonio Laje -se fue de Am\u00e9rica TV- y Esteban Trebucq -se ir\u00e1 de A24-. El primero ir\u00e1 con su ciclo matutino de 6 a 10 horas, mientras que el segundo, si bien no tiene a\u00fan horario confirmado, ir\u00eda a partir de las 16 horas.<\/p>\n\n\n\n<p>Con sus dos figuras ya insertadas, la programaci\u00f3n de&nbsp;<strong>La Naci\u00f3n +&nbsp;<\/strong>tendr\u00e1 otros cambios: Marina Calabr\u00f3 y D\u00e9bora Plager estar\u00e1n de 14.30 a 16, aunque tambi\u00e9n estar\u00e1n a las 23; Alfredo Leuco seguir\u00e1 en su habitual horario de las 22; Eduardo Feinmann tampoco presentar\u00e1 cambios con su horario de tarde-noche; mientras que Viviana Canosa tiene dos diferentes propuestas de horarios que deber\u00e1 definir.<\/p>\n","protected":false},"excerpt":{"rendered":"<p>Como suele suceder a finales de cada temporada, y sobre todo si tenemos en cuenta la incidencia que provoca un a\u00f1o electoral tan fuerte como el que venimos viviendo, los&hellip; <\/p>\n","protected":false},"author":12,"featured_media":113389,"comment_status":"closed","ping_status":"open","sticky":false,"template":"","format":"standard","meta":{"footnotes":""},"categories":[1],"tags":[],"class_list":["post-113378","post","type-post","status-publish","format-standard","has-post-thumbnail","hentry","category-informacion-general"],"_links":{"self":[{"href":"https:\/\/corrientesdetarde.com\/index.php\/wp-json\/wp\/v2\/posts\/113378","targetHints":{"allow":["GET"]}}],"collection":[{"href":"https:\/\/corrientesdetarde.com\/index.php\/wp-json\/wp\/v2\/posts"}],"about":[{"href":"https:\/\/corrientesdetarde.com\/index.php\/wp-json\/wp\/v2\/types\/post"}],"author":[{"embeddable":true,"href":"https:\/\/corrientesdetarde.com\/index.php\/wp-json\/wp\/v2\/users\/12"}],"replies":[{"embeddable":true,"href":"https:\/\/corrientesdetarde.com\/index.php\/wp-json\/wp\/v2\/comments?post=113378"}],"version-history":[{"count":2,"href":"https:\/\/corrientesdetarde.com\/index.php\/wp-json\/wp\/v2\/posts\/113378\/revisions"}],"predecessor-version":[{"id":113391,"href":"https:\/\/corrientesdetarde.com\/index.php\/wp-json\/wp\/v2\/posts\/113378\/revisions\/113391"}],"wp:featuredmedia":[{"embeddable":true,"href":"https:\/\/corrientesdetarde.com\/index.php\/wp-json\/wp\/v2\/media\/113389"}],"wp:attachment":[{"href":"https:\/\/corrientesdetarde.com\/index.php\/wp-json\/wp\/v2\/media?parent=113378"}],"wp:term":[{"taxonomy":"category","embeddable":true,"href":"https:\/\/corrientesdetarde.com\/index.php\/wp-json\/wp\/v2\/categories?post=113378"},{"taxonomy":"post_tag","embeddable":true,"href":"https:\/\/corrientesdetarde.com\/index.php\/wp-json\/wp\/v2\/tags?post=113378"}],"curies":[{"name":"wp","href":"https:\/\/api.w.org\/{rel}","templated":true}]}}