{"id":113379,"date":"2023-12-23T17:15:06","date_gmt":"2023-12-23T20:15:06","guid":{"rendered":"https:\/\/corrientesdetarde.com\/?p=113379"},"modified":"2023-12-23T17:18:35","modified_gmt":"2023-12-23T20:18:35","slug":"detectaron-en-una-provincia-los-primeros-tres-casos-de-dengue-autoctono-de-la-temporada","status":"publish","type":"post","link":"https:\/\/corrientesdetarde.com\/index.php\/bienestar-y-salud\/detectaron-en-una-provincia-los-primeros-tres-casos-de-dengue-autoctono-de-la-temporada\/","title":{"rendered":"Detectaron en una provincia los primeros tres casos de dengue aut\u00f3ctono de la temporada"},"content":{"rendered":"\n<p>El Ministerio de Salud de C\u00f3rdoba inform\u00f3 este s\u00e1bado que fueron detectados en la ciudad Capital los primeros\u00a0<strong>casos de dengue<\/strong>\u00a0aut\u00f3ctono registrados en la temporada 2023-2024 en la provincia.<\/p>\n\n\n\n<p>Seg\u00fan se inform\u00f3 oficialmente, trata de\u00a0tres personas que tienen relaci\u00f3n de parentesco: una de sexo masculino de 42 a\u00f1os y dos ni\u00f1as de 7 y 12 a\u00f1os, domiciliadas en la\u00a0<strong>ciudad de C\u00f3rdoba<\/strong>. Estas personas no tienen antecedes de viaje\u00a0a otras regiones del pa\u00eds o al exterior.<\/p>\n\n\n\n<p>El hombre y las dos ni\u00f1as fueron\u00a0atendidos en una instituci\u00f3n privada de la Capital cordobesa y el Laboratorio Central de la provincia confirm\u00f3 el diagn\u00f3stico de\u00a0dengue. Las tres personas\u00a0permanecen en\u00a0seguimiento cl\u00ednico en forma ambulatoria.<strong>TE PODR\u00cdA INTERESAR<\/strong><\/p>\n\n\n\n<p>&#8220;La aparici\u00f3n de estos&nbsp;<strong>casos de dengue<\/strong>&nbsp;aut\u00f3ctono supone la existencia de&nbsp;transmisi\u00f3n local del virus, y ante la presencia del mosquito&nbsp;Aedes aegypti, implica la posibilidad de que se produzcan brotes de esta infecci\u00f3n en la provincia. Por eso, los equipos de la Direcci\u00f3n de Jurisdicci\u00f3n de Epidemiolog\u00eda&nbsp;ya est\u00e1n realizando las acciones de control de foco&nbsp;para detectar y eliminar criaderos de mosquitos en la zona, identificar nuevos casos en la zona, y difundir entre la comunidad las principales medidas de prevenci\u00f3n para evitar la enfermedad&#8221;, inform\u00f3 este s\u00e1bado el Ministerio de Salud de C\u00f3rdoba.<\/p>\n\n\n\n<p>El \u00faltimo caso de dengue aut\u00f3ctono en dicha provincia durante&nbsp;la temporada 22\/23 se hab\u00eda registrado el 17 de junio pasado. En lo que va de la temporada 23\/24, que inici\u00f3 en octubre de este a\u00f1o, se detectaron en&nbsp;C\u00f3rdoba un total de 34&nbsp;<strong>casos de dengue<\/strong>&nbsp;importado, pertenecientes a personas que viajaron a Chaco, Formosa, Misiones, M\u00e9xico y Per\u00fa.<\/p>\n\n\n\n<p>La Subsecretaria de Estrategias Sanitarias y Acceso a la Salud de la Provincia, Laura L\u00f3pez, puso en\u00a0<strong>alerta\u00a0<\/strong>a la poblaci\u00f3n y al sistema de salud tras conocerse la informaci\u00f3n. &#8220;Estamos atravesando un incremento de casos en el pa\u00eds, incluso con la notificaci\u00f3n de fallecimientos en otras provincias. De all\u00ed que resulta fundamental insistir en la importancia de la consulta temprana y que todas las personas que presenten fiebre, dolor de cabeza, de ojos, de m\u00fasculos y articulaciones concurran de manera inmediata a una consulta m\u00e9dica; ya que esto tambi\u00e9n permite disponer r\u00e1pidamente las medidas de control de foco\u201d.\u00a0<\/p>\n\n\n\n<p>Adem\u00e1s, la funcionaria cordobesa solicit\u00f3 a los&nbsp;equipos de salud &#8220;intensificar la vigilancia del s\u00edndrome febril agudo inespec\u00edfico y zika&nbsp;en este contexto, prestando especial atenci\u00f3n a los casos de personas con antecedentes de viaje inclusive dentro de nuestro pa\u00eds&#8221;.&nbsp;<\/p>\n\n\n\n<h2 class=\"wp-block-heading\">Bolet\u00edn epidemiol\u00f3gico del 2023<\/h2>\n\n\n\n<p>Desde enero de este a\u00f1o hasta la primera semana de diciembre se registraron m\u00e1s de 134.000&nbsp;<strong>casos de dengue<\/strong>&nbsp;en el pa\u00eds, de los cuales m\u00e1s de 125.000 fueron aut\u00f3ctonos, registr\u00e1ndose el mayor n\u00famero de casos desde a\u00f1os epid\u00e9micos en 2016, 2018 y 2020.<\/p>\n\n\n\n<p>Del total de casos, se contabilizaron&nbsp;68 personas fallecidas&nbsp;en el norte y centro del pa\u00eds, seg\u00fan inform\u00f3 el \u00faltimo Bolet\u00edn Epidemiol\u00f3gico Nacional. Las muertes se registraron&nbsp;en las regiones del centro del pa\u00eds, en Buenos Aires, Ciudad de Buenos Aires, Santa Fe, Entre R\u00edos y C\u00f3rdoba; en el noreste, en Misiones, Corrientes, Chaco y Formosa y provincias del noroeste, como Jujuy, Tucum\u00e1n, Salta, Santiago del Estero.<\/p>\n\n\n\n<p>La mayor cantidad de casos se notificaron en la regi\u00f3n del noroeste del pa\u00eds con 62.115 casos, de los cuales 58.311 fueron aut\u00f3ctonos; 474, con antecedentes de viaje y 3.330, se hallaban en investigaci\u00f3n.<br><br>La provincia de Tucum\u00e1n es la regi\u00f3n donde se registr\u00f3 la mayor cantidad de personas infectadas en todo el pa\u00eds, con 24.082 casos.<br>&nbsp;<\/p>\n","protected":false},"excerpt":{"rendered":"<p>El Ministerio de Salud de C\u00f3rdoba inform\u00f3 este s\u00e1bado que fueron detectados en la ciudad Capital los primeros\u00a0casos de dengue\u00a0aut\u00f3ctono registrados en la temporada 2023-2024 en la provincia. Seg\u00fan se&hellip; <\/p>\n","protected":false},"author":12,"featured_media":113387,"comment_status":"closed","ping_status":"open","sticky":false,"template":"","format":"standard","meta":{"footnotes":""},"categories":[16],"tags":[],"class_list":["post-113379","post","type-post","status-publish","format-standard","has-post-thumbnail","hentry","category-bienestar-y-salud"],"_links":{"self":[{"href":"https:\/\/corrientesdetarde.com\/index.php\/wp-json\/wp\/v2\/posts\/113379","targetHints":{"allow":["GET"]}}],"collection":[{"href":"https:\/\/corrientesdetarde.com\/index.php\/wp-json\/wp\/v2\/posts"}],"about":[{"href":"https:\/\/corrientesdetarde.com\/index.php\/wp-json\/wp\/v2\/types\/post"}],"author":[{"embeddable":true,"href":"https:\/\/corrientesdetarde.com\/index.php\/wp-json\/wp\/v2\/users\/12"}],"replies":[{"embeddable":true,"href":"https:\/\/corrientesdetarde.com\/index.php\/wp-json\/wp\/v2\/comments?post=113379"}],"version-history":[{"count":2,"href":"https:\/\/corrientesdetarde.com\/index.php\/wp-json\/wp\/v2\/posts\/113379\/revisions"}],"predecessor-version":[{"id":113392,"href":"https:\/\/corrientesdetarde.com\/index.php\/wp-json\/wp\/v2\/posts\/113379\/revisions\/113392"}],"wp:featuredmedia":[{"embeddable":true,"href":"https:\/\/corrientesdetarde.com\/index.php\/wp-json\/wp\/v2\/media\/113387"}],"wp:attachment":[{"href":"https:\/\/corrientesdetarde.com\/index.php\/wp-json\/wp\/v2\/media?parent=113379"}],"wp:term":[{"taxonomy":"category","embeddable":true,"href":"https:\/\/corrientesdetarde.com\/index.php\/wp-json\/wp\/v2\/categories?post=113379"},{"taxonomy":"post_tag","embeddable":true,"href":"https:\/\/corrientesdetarde.com\/index.php\/wp-json\/wp\/v2\/tags?post=113379"}],"curies":[{"name":"wp","href":"https:\/\/api.w.org\/{rel}","templated":true}]}}