{"id":113395,"date":"2023-12-23T17:53:19","date_gmt":"2023-12-23T20:53:19","guid":{"rendered":"https:\/\/corrientesdetarde.com\/?p=113395"},"modified":"2023-12-23T17:53:21","modified_gmt":"2023-12-23T20:53:21","slug":"pese-a-la-intensidad-de-las-lluvias-el-agua-escurrio-rapidamenteen-puntos-algidos-de-la-ciudad","status":"publish","type":"post","link":"https:\/\/corrientesdetarde.com\/index.php\/informacion-general\/pese-a-la-intensidad-de-las-lluvias-el-agua-escurrio-rapidamenteen-puntos-algidos-de-la-ciudad\/","title":{"rendered":"<strong>Pese a la intensidad de las lluvias, el agua escurri\u00f3&nbsp;r\u00e1pidamente<br>en puntos \u00e1lgidos de la ciudad<\/strong>"},"content":{"rendered":"\n<p>En la jornada del viernes se registraron fuertes vientos y lluvias que complicaron alrededor de las 16, algunas zonas de la ciudad. En ese tiempo se registr\u00f3 un pico de intensidad de 149.4 mm\/h y r\u00e1fagas de 35 km\/h. No obstante, en un breve lapso de tiempo, el agua escurri\u00f3 y se normaliz\u00f3 la circulaci\u00f3n. Solicitan especial cuidado con los residuos los d\u00edas de lluvia, para evitar taponamiento de desag\u00fces.<\/p>\n\n\n\n<p>Desde la Subsecretar\u00eda Gesti\u00f3n Integral de Riesgos de la Municipalidad informaron que ayer se registraron m\u00e1s de 80 mil\u00edmetros de lluvia ca\u00edda en la jornada, pero 70 de ellos fueron en el lapso entre las 15.50 y las 16.20 por lo que se generaron complicaciones en distintos puntos de la ciudad. No obstante, destacaron que por las labores de limpieza, desobstrucci\u00f3n y ampliaci\u00f3n de desag\u00fces que se realizaron en el marco del Plan H\u00eddrico, se logr\u00f3 un r\u00e1pido escurrimiento, principalmente en zonas que hist\u00f3ricamente se han visto muy complicadas.&nbsp;<\/p>\n\n\n\n<p>Tambi\u00e9n las cuadrillas de las diferentes delegaciones municipales en los barrios han trabajado para contribuir a la limpieza de los desag\u00fces que, con las lluvias, se ven taponados por los residuos arrastrados por el agua. En este sentido, el subsecretario de Gesti\u00f3n Integral de Riesgos, Jos\u00e9 Pedro Ruiz, resalt\u00f3 que \u201ces por ello que pedimos especial atenci\u00f3n y colaboraci\u00f3n de los vecinos, que los d\u00edas de lluvia no saquen la basura y menos que las arrojen a la v\u00eda p\u00fablica, porque cada pl\u00e1stico, cada botella, cada resto, termina acumul\u00e1ndose en alcantarillas, en los tubos, en las zanjas y dificulta la circulaci\u00f3n del agua\u201d.<\/p>\n\n\n\n<p>El funcionario explic\u00f3 que dada la intensidad de las lluvias algunas zonas se vieron m\u00e1s afectadas como Don Bosco e Yrigoyen, calle Loreto, Las Heras y Chile, La Olla, la avenida 3 de Abril y Espa\u00f1a y el barrio San Antonio Oeste. No obstante, \u201cson zonas que hist\u00f3ricamente han padecido estos inconvenientes por las caracter\u00edsticas de sus desag\u00fces originales, que tienen una capacidad limitada. Pero los trabajos que realizamos con el Plan H\u00eddrico han dado sus resultados colaborando en el r\u00e1pido desagote de los mismos\u201d, se\u00f1al\u00f3 Ru\u00edz y agreg\u00f3 que \u201cen esta oportunidad s\u00f3lo se tuvo que asistir con bombeo de desagote a una vivienda del barrio San Roque que est\u00e1 bajo nivel\u201d.&nbsp;<\/p>\n\n\n\n<p>Por otra parte, desde el \u00e1rea de Transporte de la Municipalidad informaron que todas las l\u00edneas de colectivo circularon con normalidad, sin necesidad de generar importantes desv\u00edos o corte de servicio por anegamiento de calles en los barrios.&nbsp;<\/p>\n\n\n\n<p>Cabe se\u00f1alar que, dada la intensidad de las r\u00e1fagas de viento, se registraron 8 \u00e1rboles ca\u00eddos y 8 ramas importantes en distintos puntos de la ciudad, las cuales tuvieron r\u00e1pido accionar y respuesta por parte de la Secretar\u00eda de Ambiente que realiz\u00f3 el despeje.&nbsp;<\/p>\n\n\n\n<p>Respecto al pron\u00f3stico de los d\u00edas venideros, Ru\u00edz coment\u00f3 que \u201cse esperan lluvias\u201d por lo que reiter\u00f3 especial cuidado y consideraci\u00f3n de la ciudadan\u00eda al momento de sacar la basura y evitar arrojar residuos en las calles. \u201cSi colaboramos entre todos, sin dudas el impacto ser\u00e1 menor. Desde la Municipalidad hacemos y haremos todo lo que est\u00e9 a nuestro alcance con equipos, operarios y m\u00e1quinas, pero pedimos tambi\u00e9n la colaboraci\u00f3n de los vecinos en este aspecto para evitar que se taponen los drenajes\u201d, concluy\u00f3.<\/p>\n","protected":false},"excerpt":{"rendered":"<p>En la jornada del viernes se registraron fuertes vientos y lluvias que complicaron alrededor de las 16, algunas zonas de la ciudad. En ese tiempo se registr\u00f3 un pico de&hellip; <\/p>\n","protected":false},"author":12,"featured_media":113397,"comment_status":"closed","ping_status":"open","sticky":false,"template":"","format":"standard","meta":{"footnotes":""},"categories":[1],"tags":[],"class_list":["post-113395","post","type-post","status-publish","format-standard","has-post-thumbnail","hentry","category-informacion-general"],"_links":{"self":[{"href":"https:\/\/corrientesdetarde.com\/index.php\/wp-json\/wp\/v2\/posts\/113395","targetHints":{"allow":["GET"]}}],"collection":[{"href":"https:\/\/corrientesdetarde.com\/index.php\/wp-json\/wp\/v2\/posts"}],"about":[{"href":"https:\/\/corrientesdetarde.com\/index.php\/wp-json\/wp\/v2\/types\/post"}],"author":[{"embeddable":true,"href":"https:\/\/corrientesdetarde.com\/index.php\/wp-json\/wp\/v2\/users\/12"}],"replies":[{"embeddable":true,"href":"https:\/\/corrientesdetarde.com\/index.php\/wp-json\/wp\/v2\/comments?post=113395"}],"version-history":[{"count":1,"href":"https:\/\/corrientesdetarde.com\/index.php\/wp-json\/wp\/v2\/posts\/113395\/revisions"}],"predecessor-version":[{"id":113398,"href":"https:\/\/corrientesdetarde.com\/index.php\/wp-json\/wp\/v2\/posts\/113395\/revisions\/113398"}],"wp:featuredmedia":[{"embeddable":true,"href":"https:\/\/corrientesdetarde.com\/index.php\/wp-json\/wp\/v2\/media\/113397"}],"wp:attachment":[{"href":"https:\/\/corrientesdetarde.com\/index.php\/wp-json\/wp\/v2\/media?parent=113395"}],"wp:term":[{"taxonomy":"category","embeddable":true,"href":"https:\/\/corrientesdetarde.com\/index.php\/wp-json\/wp\/v2\/categories?post=113395"},{"taxonomy":"post_tag","embeddable":true,"href":"https:\/\/corrientesdetarde.com\/index.php\/wp-json\/wp\/v2\/tags?post=113395"}],"curies":[{"name":"wp","href":"https:\/\/api.w.org\/{rel}","templated":true}]}}