{"id":113402,"date":"2023-12-23T23:36:25","date_gmt":"2023-12-24T02:36:25","guid":{"rendered":"https:\/\/corrientesdetarde.com\/?p=113402"},"modified":"2023-12-23T23:42:28","modified_gmt":"2023-12-24T02:42:28","slug":"murio-a-los-60-anos-el-periodista-edi-zunino-2","status":"publish","type":"post","link":"https:\/\/corrientesdetarde.com\/index.php\/informacion-general\/murio-a-los-60-anos-el-periodista-edi-zunino-2\/","title":{"rendered":"Muri\u00f3 a los 60 a\u00f1os el periodista Edi Zunino"},"content":{"rendered":"\n<p>El periodista pol\u00edtico&nbsp;<strong>Edi Zunino&nbsp;<\/strong>muri\u00f3 a los 60 a\u00f1os a causa de un c\u00e1ncer. La noticia fue difundida por el CEO de la Editorial Perfil,&nbsp;<strong>Jorge Fontevecchia.&nbsp;<\/strong>El editor form\u00f3 parte de la revista&nbsp;<em>Noticias&nbsp;<\/em>desde su surgimiento y escribi\u00f3 varios libros, \u201cPatria o medios\u201d, \u201cPeriodistas en el barro\u201d, \u201cCerrar la grieta\u201d y \u201cLocos de amor, odio y fracaso\u201d.<\/p>\n\n\n\n<p>Fontevecchia interrrumpi\u00f3 una entrevista en&nbsp;<em>Radio Con Vos&nbsp;<\/em>para contar la novedad:\u201cPerdoname, pero me acaban de pasar una noticia muy triste, que muri\u00f3 Edi Zunino, y no pude prestar atenci\u00f3n a lo que me estabas diciendo. Es&nbsp;<strong>una profunda tristeza,&nbsp;<\/strong>fue director de la revista&nbsp;<em>Noticias<\/em>\u201d. Agreg\u00f3: \u201cEra un chico, era el famoso que se puso los cables en el cuerpo para grabar la corrupci\u00f3n de Armando Cavalieri en el Sindicato de Comercio, me acuerdo eso perfectamente con veintipocos a\u00f1os\u201d.<\/p>\n\n\n\n<p>En su extensa trayectoria period\u00edstica, Zunino fue editor de la revista\u00a0<em>TXT,<\/em>\u00a0secretario general de redacci\u00f3n de\u00a0<em>Perfil<\/em>, luego jefe de redacci\u00f3n y posteriormente director en la Editorial, propiedad deFontevecchia. Estuvo al frente del equipo que sigui\u00f3 las alternativas posteriores al asesinato del fot\u00f3grafo\u00a0<strong>Jos\u00e9 Luis Cabezas<\/strong>. Recibi\u00f3 premios internacionales y nacionales a la \u00c9tica Period\u00edstica y a la Libertad de Expresi\u00f3n.<\/p>\n\n\n\n<h2 class=\"wp-block-heading\">Las despedidas de periodistas y pol\u00edticos a Edi Zunino<\/h2>\n\n\n\n<ul class=\"wp-block-list\"><li>El periodista y polit\u00f3logo, del Comit\u00e9 Editorial Grupo Perfil,&nbsp;<strong>Rodrigo Lloret,<\/strong>&nbsp;dijo en su cuenta de<em>&nbsp;X:<\/em>&nbsp;\u201cEn una gran entrevista de Ernesto Tenembaum a Fontevecchia sobre medios, pol\u00edtica y periodismo, Jorge coment\u00f3 al aire una<strong>&nbsp;trist\u00edsima noticia<\/strong>&nbsp;para todos y especialmente para mi: muri\u00f3 Edi Zunino. Edi fue el mejor jefe que tuve. Un&nbsp;<strong>apasionado&nbsp;<\/strong>por el periodismo. Un periodista de raza\u201d.<\/li><li>El jefe de redacci\u00f3n del Diario Perfil,&nbsp;<strong>Javier Calvo,<\/strong>&nbsp;lo despidi\u00f3 en su cuenta de&nbsp;<em>X<\/em>: \u201c\u2018Hola Pich\u00f3n\u2019, me saludaba con un beso Edi Zunino cuando nos cruz\u00e1bamos hasta los \u00faltimos d\u00edas en&nbsp;<em>Am\u00e9rica<\/em>. Compartimos muchos a\u00f1os de laburo. Nos re\u00edmos, discutimos y debat\u00edamos sobre periodismo. Por suerte lo pude abrazar seguido \u00faltimamente. Abrazo a la familia. Chau Pich\u00f3n\u201d.<\/li><li>El secretario de Relaciones con la Sociedad Civil y Desarrollo Comunitario,&nbsp;<strong>Fernando \u201cChino\u201d Navarro,<\/strong>&nbsp;tambi\u00e9n lament\u00f3 la muerte del periodista: \u201cLamento profundamente el fallecimiento de Edi Zunino, director de Revista Noticias. Excelente periodista, apasionado de su profesi\u00f3n y mejor persona. Mis condolencias para sus familiares, colegas y amigos\u201d, escribi\u00f3 en su cuenta de&nbsp;<em>X.<\/em><\/li><li>El Club Atl\u00e9tico Independiente del que Zunino era hincha tambi\u00e9n le dedic\u00f3 una despedida: \u201cLamentamos la noticia sobre el fallecimiento de Edi Zunino, destacado periodista y fan\u00e1tico de Independiente. Abrazamos a su familia, afectos y amigos en este momento y deseamos, Edi, que en paz descanses\u201d.<\/li><li>El exministro de Agricultura&nbsp;<strong>Juli\u00e1n Dom\u00ednguez<\/strong>&nbsp;expres\u00f3: \u201cLamento profundamente la partida de Edi Zunino. Un periodista que transit\u00f3 los 40 a\u00f1os de democracia, ejerciendo la labor period\u00edstica de informar con oficio y dedicaci\u00f3n. Mis sentidas condolencias a familiares y amigos\u201d.<\/li><li>El senador nacional del PRO,&nbsp;<strong>Alfredo de Angeli,<\/strong>&nbsp;escribi\u00f3 en su cuenta de&nbsp;<em>X:<\/em>&nbsp;\u201cLamento profundamente la p\u00e9rdida del periodista Edi Zunino. Una persona amable y respetuosa con quien hice infinidades de notas. Mi saludo a familiares, amigos y colegas cercanos en este triste momento\u201d.<\/li><\/ul>\n","protected":false},"excerpt":{"rendered":"<p>El periodista pol\u00edtico&nbsp;Edi Zunino&nbsp;muri\u00f3 a los 60 a\u00f1os a causa de un c\u00e1ncer. La noticia fue difundida por el CEO de la Editorial Perfil,&nbsp;Jorge Fontevecchia.&nbsp;El editor form\u00f3 parte de la&hellip; <\/p>\n","protected":false},"author":12,"featured_media":113406,"comment_status":"closed","ping_status":"open","sticky":false,"template":"","format":"standard","meta":{"footnotes":""},"categories":[1],"tags":[],"class_list":["post-113402","post","type-post","status-publish","format-standard","has-post-thumbnail","hentry","category-informacion-general"],"_links":{"self":[{"href":"https:\/\/corrientesdetarde.com\/index.php\/wp-json\/wp\/v2\/posts\/113402","targetHints":{"allow":["GET"]}}],"collection":[{"href":"https:\/\/corrientesdetarde.com\/index.php\/wp-json\/wp\/v2\/posts"}],"about":[{"href":"https:\/\/corrientesdetarde.com\/index.php\/wp-json\/wp\/v2\/types\/post"}],"author":[{"embeddable":true,"href":"https:\/\/corrientesdetarde.com\/index.php\/wp-json\/wp\/v2\/users\/12"}],"replies":[{"embeddable":true,"href":"https:\/\/corrientesdetarde.com\/index.php\/wp-json\/wp\/v2\/comments?post=113402"}],"version-history":[{"count":2,"href":"https:\/\/corrientesdetarde.com\/index.php\/wp-json\/wp\/v2\/posts\/113402\/revisions"}],"predecessor-version":[{"id":113420,"href":"https:\/\/corrientesdetarde.com\/index.php\/wp-json\/wp\/v2\/posts\/113402\/revisions\/113420"}],"wp:featuredmedia":[{"embeddable":true,"href":"https:\/\/corrientesdetarde.com\/index.php\/wp-json\/wp\/v2\/media\/113406"}],"wp:attachment":[{"href":"https:\/\/corrientesdetarde.com\/index.php\/wp-json\/wp\/v2\/media?parent=113402"}],"wp:term":[{"taxonomy":"category","embeddable":true,"href":"https:\/\/corrientesdetarde.com\/index.php\/wp-json\/wp\/v2\/categories?post=113402"},{"taxonomy":"post_tag","embeddable":true,"href":"https:\/\/corrientesdetarde.com\/index.php\/wp-json\/wp\/v2\/tags?post=113402"}],"curies":[{"name":"wp","href":"https:\/\/api.w.org\/{rel}","templated":true}]}}