{"id":113403,"date":"2023-12-23T23:35:09","date_gmt":"2023-12-24T02:35:09","guid":{"rendered":"https:\/\/corrientesdetarde.com\/?p=113403"},"modified":"2023-12-23T23:42:17","modified_gmt":"2023-12-24T02:42:17","slug":"milei-no-privatizara-medios-publicos-en-el-corto-plazo-pero-buscara-que-se-financien-por-si-mismos","status":"publish","type":"post","link":"https:\/\/corrientesdetarde.com\/index.php\/nacionales\/milei-no-privatizara-medios-publicos-en-el-corto-plazo-pero-buscara-que-se-financien-por-si-mismos\/","title":{"rendered":"Milei no privatizar\u00e1 medios p\u00fablicos en el corto plazo, pero buscar\u00e1 que se financien por s\u00ed mismos"},"content":{"rendered":"\n<p><strong>Javier Milei\u00a0no privatizar\u00e1 los medios p\u00fablicos en el corto plazo y se financiar\u00e1n con la recaudaci\u00f3n de otros entes<\/strong>. El esquema se basa en solventar el d\u00e9ficit que generan en las arcas p\u00fablicas estructuras como T\u00e9lam, TV P\u00fablica y Radio Nacional\u00a0<strong>con la ganancia de otras como la empresa\u00a0<\/strong>de telecomunicaciones de Estado<strong>\u00a0(ARSAT) y<\/strong>\u00a0el Ente Nacional de Comunicaciones\u00a0<strong>(ENACOM)<\/strong>.<\/p>\n\n\n\n<p>En La Libertad Avanza hicieron \u00e9nfasis en que&nbsp;<strong>la privatizaci\u00f3n de los medios p\u00fablicos no tendr\u00e1 lugar en la reforma del Estado de primera generaci\u00f3n<\/strong>, pero que intentar\u00e1n hacerlo m\u00e1s adelante.<\/p>\n\n\n\n<p>Adem\u00e1s, advirtieron que la prioridad es hacer una radiograf\u00eda del Estado para luego reestructurarlo. El jefe de gabinete,&nbsp;<strong>Nicol\u00e1s Posse, tiene a cargo la auditor\u00eda general del personal y de los bienes de los organismos estatales<\/strong>. Todos los ministros deber\u00e1n pasarle un informe con la situaci\u00f3n de su cartera.<\/p>\n\n\n\n<figure class=\"wp-block-image\"><img decoding=\"async\" src=\"https:\/\/tn.com.ar\/resizer\/LqhHsvglzPru6BghNhkvbJqD5QM=\/767x0\/smart\/filters:format(webp)\/cloudfront-us-east-1.images.arcpublishing.com\/artear\/DGT7SNYR5FBE3PBIMSTX4TAJNE.png\" alt=\"El presidente Javier Milei en el balc\u00f3n de Casa Rosada (Foto: REUTERS\/Agustin Marcarian).\"\/><figcaption>El presidente Javier Milei en el balc\u00f3n de Casa Rosada (Foto: REUTERS\/Agustin Marcarian).<\/figcaption><\/figure>\n\n\n\n<p>De esa forma, el Gobierno&nbsp;<strong>quiere hacer el recorte en base a n\u00fameros reales del Estado y definir el organigrama de funciones<\/strong>&nbsp;y jerarqu\u00edas para luego armar el presupuesto 2024. \u201cVa a estar enfocado \u00fanicamente en el equilibrio fiscal. La caja va a estar muy limitada\u201d, manifestaron.<\/p>\n\n\n\n<p>En ese aspecto, fuentes cercanas a Milei se\u00f1alaron a\u00a0<strong>TN\u00a0<\/strong>que\u00a0<strong>buscar\u00e1n ajustar las cuentas y elevar el valor de las empresas p\u00fablicas previo a privatizarlas<\/strong>.<\/p>\n\n\n\n<p>En el sector de Comunicaci\u00f3n, aplica la misma regla. Para que sea un sistema de manutenci\u00f3n sin requerimiento de financiamiento estatal que genere p\u00e9rdida,&nbsp;<strong>los libertarios buscar\u00e1n que dependan \u00fanicamente de los ingresos de los organismos de la esfera<\/strong>.<\/p>\n\n\n\n<p>En esa l\u00ednea,&nbsp;<strong>para ejemplificar el sistema usan el caso de la Televisi\u00f3n Digital Abierta (TDA)<\/strong>, que catalogan como una pata fuerte, ya que juega un rol importante en el rating de los canales de aire.<\/p>\n\n\n\n<figure class=\"wp-block-image\"><img decoding=\"async\" src=\"https:\/\/tn.com.ar\/resizer\/3dk42gQIfkW3iO2w0MeDrw1eabc=\/767x0\/smart\/filters:format(webp)\/cloudfront-us-east-1.images.arcpublishing.com\/artear\/53QWJFVPGBDAXDBNIFUDAWOWJ4.jpg\" alt=\"Guillermo Ferraro ser\u00e1 el ministro de Infraestructura del gobierno de Javier Milei.\"\/><figcaption>Guillermo Ferraro ser\u00e1 el ministro de Infraestructura del gobierno de Javier Milei.<\/figcaption><\/figure>\n\n\n\n<p>En el esquema actual del gabinete,&nbsp;<strong>la secretar\u00eda de Comunicaci\u00f3n y Conectividad se encuentra bajo el Ministerio de Infraestructura de Guillermo Ferraro<\/strong>.<\/p>\n\n\n\n<p><strong>El encargado de la cartera ser\u00e1 Ignacio Cingolani<\/strong>, quien hasta hace poco fue subsecretario t\u00e9cnico, administrativo y legal del Ministerio de Transporte de la provincia de Buenos Aires de Axel Kicillof.\u00a0<strong>En el caso del ENACOM, el futuro titular ser\u00e1 el abogado Tom\u00e1s Sutton.<\/strong><\/p>\n\n\n\n<p>El resto de las secretar\u00edas, que estar\u00e1n bajo el ala del exdirector de KPMG, son las siguientes:&nbsp;<strong>Transporte (Franco Mogetta), Obras P\u00fablicas (Luis Giovine), Vivienda (H\u00e9ctor Lostri) y Concesiones (sin titular definido)<\/strong>.<\/p>\n\n\n\n<p><strong>Se trata de un ministerio que todav\u00eda no defini\u00f3 su planificaci\u00f3n, operaci\u00f3n y ejecuci\u00f3n<\/strong>. Reci\u00e9n ayer se dieron a conocer los primeros lineamientos que aplicar\u00e1 el Gobierno respecto a las licitaciones privadas de la obra p\u00fablica.<\/p>\n","protected":false},"excerpt":{"rendered":"<p>Javier Milei\u00a0no privatizar\u00e1 los medios p\u00fablicos en el corto plazo y se financiar\u00e1n con la recaudaci\u00f3n de otros entes. El esquema se basa en solventar el d\u00e9ficit que generan en&hellip; <\/p>\n","protected":false},"author":12,"featured_media":113404,"comment_status":"closed","ping_status":"open","sticky":false,"template":"","format":"standard","meta":{"footnotes":""},"categories":[10],"tags":[],"class_list":["post-113403","post","type-post","status-publish","format-standard","has-post-thumbnail","hentry","category-nacionales"],"_links":{"self":[{"href":"https:\/\/corrientesdetarde.com\/index.php\/wp-json\/wp\/v2\/posts\/113403","targetHints":{"allow":["GET"]}}],"collection":[{"href":"https:\/\/corrientesdetarde.com\/index.php\/wp-json\/wp\/v2\/posts"}],"about":[{"href":"https:\/\/corrientesdetarde.com\/index.php\/wp-json\/wp\/v2\/types\/post"}],"author":[{"embeddable":true,"href":"https:\/\/corrientesdetarde.com\/index.php\/wp-json\/wp\/v2\/users\/12"}],"replies":[{"embeddable":true,"href":"https:\/\/corrientesdetarde.com\/index.php\/wp-json\/wp\/v2\/comments?post=113403"}],"version-history":[{"count":2,"href":"https:\/\/corrientesdetarde.com\/index.php\/wp-json\/wp\/v2\/posts\/113403\/revisions"}],"predecessor-version":[{"id":113419,"href":"https:\/\/corrientesdetarde.com\/index.php\/wp-json\/wp\/v2\/posts\/113403\/revisions\/113419"}],"wp:featuredmedia":[{"embeddable":true,"href":"https:\/\/corrientesdetarde.com\/index.php\/wp-json\/wp\/v2\/media\/113404"}],"wp:attachment":[{"href":"https:\/\/corrientesdetarde.com\/index.php\/wp-json\/wp\/v2\/media?parent=113403"}],"wp:term":[{"taxonomy":"category","embeddable":true,"href":"https:\/\/corrientesdetarde.com\/index.php\/wp-json\/wp\/v2\/categories?post=113403"},{"taxonomy":"post_tag","embeddable":true,"href":"https:\/\/corrientesdetarde.com\/index.php\/wp-json\/wp\/v2\/tags?post=113403"}],"curies":[{"name":"wp","href":"https:\/\/api.w.org\/{rel}","templated":true}]}}