{"id":113460,"date":"2023-12-24T10:19:59","date_gmt":"2023-12-24T13:19:59","guid":{"rendered":"https:\/\/corrientesdetarde.com\/?p=113460"},"modified":"2023-12-24T10:20:11","modified_gmt":"2023-12-24T13:20:11","slug":"la-pelicula-argentina-los-delincuentes-quedo-fuera-de-los-premios-oscar","status":"publish","type":"post","link":"https:\/\/corrientesdetarde.com\/index.php\/espectaculos\/la-pelicula-argentina-los-delincuentes-quedo-fuera-de-los-premios-oscar\/","title":{"rendered":"La pel\u00edcula argentina &#8220;Los delincuentes&#8221; qued\u00f3 fuera de los Premios Oscar"},"content":{"rendered":"\n<p>La Academia de Artes y Ciencias Cinematogr\u00e1ficas de Hollywood decidi\u00f3 dejar afuera al largometraje nacional en la carrera por los prestigiosos galardones.<\/p>\n\n\n\n<p>La Academia de Artes y Ciencias Cinematogr\u00e1ficas de Hollywood seleccion\u00f3 a las 15 pel\u00edculas finalistas para la categor\u00eda Mejor Pel\u00edcula Internacional. Entre las preseleccionadas se encontraba el largometraje argentino &#8220;Los delincuentes&#8221;, pero no logr\u00f3 un lugar entre las 15 elegidas.<\/p>\n\n\n\n<p><strong>La pel\u00edcula lleg\u00f3 a las salas de cine de Argentina el 26 de octubre<\/strong>, pero antes cont\u00f3 con un buen recibimiento en el Festival de Cine de Cannes 2023. Los protagonistas son&nbsp;<strong>Daniel El\u00edas<\/strong>&nbsp;y&nbsp;<strong>Esteban Bigliardi<\/strong>&nbsp;y &nbsp;est\u00e1 inspirada en \u201cApenas un delincuente\u201d, de Hugo Fregonese, en 1949.<\/p>\n\n\n\n<p>Con este largometraje, Argentina buscaba obtener el tercer Premio Oscar en esta categor\u00eda, luego de haberlo ganado en 1986 con<strong>&nbsp;<\/strong><em><strong>La historia oficial<\/strong><\/em>&nbsp;y en 2010 con<em>&nbsp;<strong>El secreto de sus ojos<\/strong>.<\/em><\/p>\n\n\n\n<p>En di\u00e1logo con Noticias Argentinas, su director Rodrigo Moreno hab\u00eda dicho que\u00a0<strong>\u201cla expectativa es mucho mayor ahora por la repercusi\u00f3n que est\u00e1 teniendo esta prenominaci\u00f3n al Oscar<\/strong>, lo cual es ins\u00f3lito porque no quiere decir que est\u00e9 nominada al Oscar, es la representante argentina y tiene a Mubi atr\u00e1s. Mubi es una plataforma de cine independiente y cine de autor, que lateralmente est\u00e1 dispuesta a desembolsar o invertir lo que hay que invertir para hacer una carrera y convencer a los miembros de la Academia de Estados Unidos\u201d.<\/p>\n\n\n\n<figure class=\"wp-block-embed is-type-video is-provider-youtube wp-block-embed-youtube wp-embed-aspect-16-9 wp-has-aspect-ratio\"><div class=\"wp-block-embed__wrapper\">\n<iframe loading=\"lazy\" title=\"LOS DELINCUENTES | Tr\u00e1iler Oficial | Octubre 26 en cines\" width=\"1110\" height=\"624\" src=\"https:\/\/www.youtube.com\/embed\/pBVCBiaxwyI?feature=oembed\" frameborder=\"0\" allow=\"accelerometer; autoplay; clipboard-write; encrypted-media; gyroscope; picture-in-picture; web-share\" allowfullscreen><\/iframe>\n<\/div><\/figure>\n\n\n\n<h3 class=\"wp-block-heading\">Las pel\u00edculas que siguen en carrera<\/h3>\n\n\n\n<p>Las que quedaron en lenguaje espa\u00f1ol son: &#8220;T\u00f3tem&#8221;, de M\u00e9xico, y &#8220;La sociedad de la nieve&#8221;, de Espa\u00f1a. Los creadores de la pel\u00edcula argentina esperaban tener un lugar por segundo a\u00f1o consecutivo, tras la elecci\u00f3n de &#8220;Argentina, 1985&#8221;, que perdi\u00f3 en su categor\u00eda contra la alemana &#8220;Sin novedad en el frente&#8221;.<\/p>\n\n\n\n<p>Completan la lista de seleccionadas las siguientes pel\u00edculas: &#8220;The Taste of Things&#8221;, de Francia; &#8220;Hojas de oto\u00f1o&#8221;, de Finlandia; &#8220;The Zone of Interest&#8221;, del Reino Unido; &#8220;Perfect Days&#8221; de Jap\u00f3n, \u201cThe Promised Land\u201d, de Dinamarca; \u201cGodland\u201d, de Islandia; \u201cIo Capitano\u201d, de Italia; \u201cFour Daughters\u201d, de T\u00fanez, \u201c20 Days in Mariupol\u201d, de Ucrania; \u201cAmerikatsi\u201d, de Armenia; \u201cThe Monk and the Gun\u201d, de But\u00e1n y \u201cThe Mother of All Lies\u201d, de Marruecos.&nbsp;<\/p>\n\n\n\n<p>A\u00fan resta la votaci\u00f3n final en la que quedar\u00e1n s\u00f3lo 5 seleccionadas. Esa votaci\u00f3n se dar\u00e1 entre los d\u00edas 11 y 16 de enero, mientras que el anuncio oficial se har\u00e1 el 23 de enero y la entrega se realizar\u00e1 el 10 de marzo de 2024.<\/p>\n","protected":false},"excerpt":{"rendered":"<p>La Academia de Artes y Ciencias Cinematogr\u00e1ficas de Hollywood decidi\u00f3 dejar afuera al largometraje nacional en la carrera por los prestigiosos galardones. La Academia de Artes y Ciencias Cinematogr\u00e1ficas de&hellip; <\/p>\n","protected":false},"author":4,"featured_media":113503,"comment_status":"closed","ping_status":"open","sticky":false,"template":"","format":"standard","meta":{"footnotes":""},"categories":[19],"tags":[],"class_list":["post-113460","post","type-post","status-publish","format-standard","has-post-thumbnail","hentry","category-espectaculos"],"_links":{"self":[{"href":"https:\/\/corrientesdetarde.com\/index.php\/wp-json\/wp\/v2\/posts\/113460","targetHints":{"allow":["GET"]}}],"collection":[{"href":"https:\/\/corrientesdetarde.com\/index.php\/wp-json\/wp\/v2\/posts"}],"about":[{"href":"https:\/\/corrientesdetarde.com\/index.php\/wp-json\/wp\/v2\/types\/post"}],"author":[{"embeddable":true,"href":"https:\/\/corrientesdetarde.com\/index.php\/wp-json\/wp\/v2\/users\/4"}],"replies":[{"embeddable":true,"href":"https:\/\/corrientesdetarde.com\/index.php\/wp-json\/wp\/v2\/comments?post=113460"}],"version-history":[{"count":1,"href":"https:\/\/corrientesdetarde.com\/index.php\/wp-json\/wp\/v2\/posts\/113460\/revisions"}],"predecessor-version":[{"id":113504,"href":"https:\/\/corrientesdetarde.com\/index.php\/wp-json\/wp\/v2\/posts\/113460\/revisions\/113504"}],"wp:featuredmedia":[{"embeddable":true,"href":"https:\/\/corrientesdetarde.com\/index.php\/wp-json\/wp\/v2\/media\/113503"}],"wp:attachment":[{"href":"https:\/\/corrientesdetarde.com\/index.php\/wp-json\/wp\/v2\/media?parent=113460"}],"wp:term":[{"taxonomy":"category","embeddable":true,"href":"https:\/\/corrientesdetarde.com\/index.php\/wp-json\/wp\/v2\/categories?post=113460"},{"taxonomy":"post_tag","embeddable":true,"href":"https:\/\/corrientesdetarde.com\/index.php\/wp-json\/wp\/v2\/tags?post=113460"}],"curies":[{"name":"wp","href":"https:\/\/api.w.org\/{rel}","templated":true}]}}