{"id":113461,"date":"2023-12-24T09:30:22","date_gmt":"2023-12-24T12:30:22","guid":{"rendered":"https:\/\/corrientesdetarde.com\/?p=113461"},"modified":"2023-12-24T09:30:34","modified_gmt":"2023-12-24T12:30:34","slug":"el-hermano-de-echeverri-disparo-contra-martin-demichelis","status":"publish","type":"post","link":"https:\/\/corrientesdetarde.com\/index.php\/deportes\/el-hermano-de-echeverri-disparo-contra-martin-demichelis\/","title":{"rendered":"El hermano de Echeverri dispar\u00f3 contra Mart\u00edn Demichelis"},"content":{"rendered":"\n<p>Yonathan Echeverri apunt\u00f3 contra el entrenador por los pocos minutos que su hermano jug\u00f3 esta temporada.<\/p>\n\n\n\n<p>&nbsp;El extremo de River&nbsp;<strong>Claudio &#8220;Diablito&#8221; Echeverri revolucion\u00f3 a todo River cuando revel\u00f3 que no va a renovar su contrato<\/strong>&nbsp;y tras la aclaraci\u00f3n del club,&nbsp;<strong>el hermano del jugador dispar\u00f3 contra Mart\u00edn Demichelis con un duro posteo.&nbsp;<\/strong><\/p>\n\n\n\n<p>En sus redes sociales, Yonathan Echeverri apunt\u00f3 contra el entrenador Millonario por los pocos minutos que su hermano jug\u00f3 esta temporada:<strong>\u00a0&#8220;Cuando un jugador est\u00e1 para jugar tiene que sumar\u00a0minutos, no comerse cuatro meses en el banco&#8221;<\/strong>, sentenci\u00f3 junto a\u00a0una foto del Diablito ante Rosario Central.<\/p>\n\n\n\n<figure class=\"wp-block-image size-full\"><img loading=\"lazy\" decoding=\"async\" width=\"777\" height=\"473\" src=\"https:\/\/corrientesdetarde.com\/wp-content\/uploads\/2023\/12\/image-598.png\" alt=\"\" class=\"wp-image-113487\" srcset=\"https:\/\/corrientesdetarde.com\/wp-content\/uploads\/2023\/12\/image-598.png 777w, https:\/\/corrientesdetarde.com\/wp-content\/uploads\/2023\/12\/image-598-300x183.png 300w, https:\/\/corrientesdetarde.com\/wp-content\/uploads\/2023\/12\/image-598-768x468.png 768w\" sizes=\"auto, (max-width: 777px) 100vw, 777px\" \/><\/figure>\n\n\n\n<p>Posteriormente, le dedic\u00f3 una felicitaci\u00f3n para el mediocampista&nbsp;de River: &#8220;Felicitaciones por este torneo, hermano.<strong>&nbsp;Qu\u00e9 feliz me&nbsp;hace verte campe\u00f3n con la camiseta que tanto amo&#8221;<\/strong>.<\/p>\n\n\n\n<p>Estas palabras volvieron a generar un clima de tensi\u00f3n luego de\u00a0que el propio Demichelis y Jorge Brito hayan calmado el tema con\u00a0sus declaraciones. Adem\u00e1s, la familia del jugador de la selecci\u00f3n\u00a0argentina Sub 17 defendieron a Echeverri de los hinchas no est\u00e1n\u00a0de acuerdo con la decisi\u00f3n de no renovar: &#8220;<strong>Hoy todos se ponen a\u00a0opinar y matarte por lo que declaraste. Sos un chico y esas cosas\u00a0las vas a ir aprendiendo. Sabes que nosotros te vamos a bancar\u00a0siempre<\/strong>&#8220;, descarg\u00f3 Yonathan Echeverri en su cuenta de Facebook.\u00a0<\/p>\n\n\n\n<figure class=\"wp-block-image size-full\"><img loading=\"lazy\" decoding=\"async\" width=\"778\" height=\"464\" src=\"https:\/\/corrientesdetarde.com\/wp-content\/uploads\/2023\/12\/image-599.png\" alt=\"\" class=\"wp-image-113488\" srcset=\"https:\/\/corrientesdetarde.com\/wp-content\/uploads\/2023\/12\/image-599.png 778w, https:\/\/corrientesdetarde.com\/wp-content\/uploads\/2023\/12\/image-599-300x179.png 300w, https:\/\/corrientesdetarde.com\/wp-content\/uploads\/2023\/12\/image-599-768x458.png 768w\" sizes=\"auto, (max-width: 778px) 100vw, 778px\" \/><\/figure>\n","protected":false},"excerpt":{"rendered":"<p>Yonathan Echeverri apunt\u00f3 contra el entrenador por los pocos minutos que su hermano jug\u00f3 esta temporada. &nbsp;El extremo de River&nbsp;Claudio &#8220;Diablito&#8221; Echeverri revolucion\u00f3 a todo River cuando revel\u00f3 que no&hellip; <\/p>\n","protected":false},"author":4,"featured_media":113489,"comment_status":"closed","ping_status":"open","sticky":false,"template":"","format":"standard","meta":{"footnotes":""},"categories":[4],"tags":[],"class_list":["post-113461","post","type-post","status-publish","format-standard","has-post-thumbnail","hentry","category-deportes"],"_links":{"self":[{"href":"https:\/\/corrientesdetarde.com\/index.php\/wp-json\/wp\/v2\/posts\/113461","targetHints":{"allow":["GET"]}}],"collection":[{"href":"https:\/\/corrientesdetarde.com\/index.php\/wp-json\/wp\/v2\/posts"}],"about":[{"href":"https:\/\/corrientesdetarde.com\/index.php\/wp-json\/wp\/v2\/types\/post"}],"author":[{"embeddable":true,"href":"https:\/\/corrientesdetarde.com\/index.php\/wp-json\/wp\/v2\/users\/4"}],"replies":[{"embeddable":true,"href":"https:\/\/corrientesdetarde.com\/index.php\/wp-json\/wp\/v2\/comments?post=113461"}],"version-history":[{"count":1,"href":"https:\/\/corrientesdetarde.com\/index.php\/wp-json\/wp\/v2\/posts\/113461\/revisions"}],"predecessor-version":[{"id":113490,"href":"https:\/\/corrientesdetarde.com\/index.php\/wp-json\/wp\/v2\/posts\/113461\/revisions\/113490"}],"wp:featuredmedia":[{"embeddable":true,"href":"https:\/\/corrientesdetarde.com\/index.php\/wp-json\/wp\/v2\/media\/113489"}],"wp:attachment":[{"href":"https:\/\/corrientesdetarde.com\/index.php\/wp-json\/wp\/v2\/media?parent=113461"}],"wp:term":[{"taxonomy":"category","embeddable":true,"href":"https:\/\/corrientesdetarde.com\/index.php\/wp-json\/wp\/v2\/categories?post=113461"},{"taxonomy":"post_tag","embeddable":true,"href":"https:\/\/corrientesdetarde.com\/index.php\/wp-json\/wp\/v2\/tags?post=113461"}],"curies":[{"name":"wp","href":"https:\/\/api.w.org\/{rel}","templated":true}]}}