{"id":113462,"date":"2023-12-24T08:27:59","date_gmt":"2023-12-24T11:27:59","guid":{"rendered":"https:\/\/corrientesdetarde.com\/?p=113462"},"modified":"2023-12-24T08:28:11","modified_gmt":"2023-12-24T11:28:11","slug":"por-que-se-come-vitel-tone-en-las-fiestas-y-como-prepararlo","status":"publish","type":"post","link":"https:\/\/corrientesdetarde.com\/index.php\/sociales\/por-que-se-come-vitel-tone-en-las-fiestas-y-como-prepararlo\/","title":{"rendered":"\u00bfPor qu\u00e9 se come vitel ton\u00e9 en las fiestas? y \u00bfc\u00f3mo prepararlo?"},"content":{"rendered":"\n<p>Se trata de un plato tradicional de las mesas argentinas en las fiestas de fin de a\u00f1o. Lo que ten\u00e9s que saber.<\/p>\n\n\n\n<p>Entre los varios cl\u00e1sicos de las mesas argentinas para las&nbsp;<strong>fiestas de fin de a\u00f1o<\/strong>&nbsp;sin duda que el&nbsp;<strong>vitel ton\u00e9<\/strong>&nbsp;siempre pica en punta tanto para la cena de&nbsp;<strong>Nochebuena<\/strong>&nbsp;como para los festejos de Navidad, as\u00ed como tambi\u00e9n en&nbsp;<strong>A\u00f1o Nuevo<\/strong>.<\/p>\n\n\n\n<p>Se trata de una comida de origen italiano, cuyo nombre verdadero es&nbsp;<strong>\u201cvitello tonnato\u201d<\/strong>, que significa \u201cternera atunada\u201d.&nbsp;<\/p>\n\n\n\n<p>M\u00e1s all\u00e1 de su origen,\u00a0<mark>en la Argentina se convirti\u00f3 en un plato fundamental para las festividades, algo que no se replica en el pa\u00eds europeo<\/mark>.<\/p>\n\n\n\n<figure class=\"wp-block-image size-full\"><img loading=\"lazy\" decoding=\"async\" width=\"781\" height=\"436\" src=\"https:\/\/corrientesdetarde.com\/wp-content\/uploads\/2023\/12\/image-595.png\" alt=\"\" class=\"wp-image-113463\" srcset=\"https:\/\/corrientesdetarde.com\/wp-content\/uploads\/2023\/12\/image-595.png 781w, https:\/\/corrientesdetarde.com\/wp-content\/uploads\/2023\/12\/image-595-300x167.png 300w, https:\/\/corrientesdetarde.com\/wp-content\/uploads\/2023\/12\/image-595-768x429.png 768w\" sizes=\"auto, (max-width: 781px) 100vw, 781px\" \/><\/figure>\n\n\n\n<h3 class=\"wp-block-heading\">Por qu\u00e9 se come vitel ton\u00e9 en las fiestas<\/h3>\n\n\n\n<p>Si bien no hay una explicaci\u00f3n de la popularidad que logr\u00f3 en nuestro pa\u00eds,&nbsp;<strong>lo cierto es que gran parte se puede explicar debido a que es un plato de preparaci\u00f3n sencilla<\/strong>.&nbsp;<\/p>\n\n\n\n<p>De esta manera, y sin una explicaci\u00f3n concreta sobre por qu\u00e9 se come este plato en las fiestas, sin dudas que&nbsp;<strong>se convirti\u00f3 en una tradici\u00f3n<\/strong>.&nbsp;<\/p>\n\n\n\n<p>Muchos creen que con el paso de los a\u00f1os esta costumbre se perder\u00e1, pero por el momento sigue estando presente en la mesa gracias a que en cada familia, por lo general, existen fan\u00e1ticos de este plato cl\u00e1sico.&nbsp;<\/p>\n\n\n\n<h3 class=\"wp-block-heading\">C\u00f3mo preparar vitel ton\u00e9<\/h3>\n\n\n\n<h4 class=\"wp-block-heading\">Ingredientes:<\/h4>\n\n\n\n<ul class=\"wp-block-list\"><li>1 peceto (para una versi\u00f3n m\u00e1s econ\u00f3mica se puede elaborar con lengua o con roast beef)<\/li><li>1 vaso de vino blanco<\/li><li>1 puerro<\/li><li>3 zanahorias<\/li><li>1 rama de apio<\/li><li>1 cebollas<\/li><li>2 dientes de ajo<\/li><li>5 ramas de perejil<\/li><li>Sal<\/li><li>Hojas de laurel y granos de pimienta, a gusto<\/li><li>Agua fr\u00eda, cantidad necesaria<\/li><\/ul>\n\n\n\n<h4 class=\"wp-block-heading\">Para la salsa:<\/h4>\n\n\n\n<ul class=\"wp-block-list\"><li>3 o 4 anchoas<\/li><li>1 lata de at\u00fan<\/li><li>Caldo de cocci\u00f3n, cantidad necesaria<\/li><li>1 pu\u00f1ado de alcaparras y extra para decorar<\/li><li>1\/2 taza de mayonesa<\/li><li>2 cucharadas de mostaza<\/li><li>6 cucharadas de crema de leche<\/li><li>Opcional, huevo picado<\/li><\/ul>\n\n\n\n<h4 class=\"wp-block-heading\">Paso a paso para preparar el vitel ton\u00e9<\/h4>\n\n\n\n<ul class=\"wp-block-list\"><li>Pedir al carnicero que limpie bien el peceto. Colocar en una olla el agua y las verduras cortadas.<\/li><li>Llevar al fuego y cocinar 20 minutos para que se haga el caldo.<\/li><li>Bajar el fuego, agregar la carne y cocinar a fuego lo m\u00e1s bajo posible (casi que no hierva) durante una hora aproximadamente o m\u00e1s, dependiendo el grosor de la pieza. Idealmente dejar enfriar en el caldo y cortar fetas finas.<\/li><li>Colar el caldo, recuperarlo y desechar los vegetales.<\/li><li>Para la salsa, colocar en el vaso del mixer las yemas de huevo duro, la mostaza, las anchoas, el jugo de lim\u00f3n, sal y pimienta. Mixear y agregar el aceite de oliva de a poco para ir formando una mayonesa.<\/li><li>Fuera de la licuadora sumar el at\u00fan escurrido, la crema y algo de caldo. Mezclar bien hasta obtener la consistencia deseada que no debe ser ni muy l\u00edquida ni muy espesa.<\/li><li>Rectificar la saz\u00f3n a gusto. Colocar en una fuente una capa de salsa y otra de fetas de carne y as\u00ed sucesivamente hasta terminar con salsa.<\/li><li>Tapar con film y llevar a la heladera 4 horas m\u00ednimo.<\/li><li>Terminar con las alcaparras, las claras, las hierbas, oliva y pimienta.<\/li><\/ul>\n","protected":false},"excerpt":{"rendered":"<p>Se trata de un plato tradicional de las mesas argentinas en las fiestas de fin de a\u00f1o. Lo que ten\u00e9s que saber. Entre los varios cl\u00e1sicos de las mesas argentinas&hellip; <\/p>\n","protected":false},"author":4,"featured_media":113464,"comment_status":"closed","ping_status":"open","sticky":false,"template":"","format":"standard","meta":{"footnotes":""},"categories":[17],"tags":[],"class_list":["post-113462","post","type-post","status-publish","format-standard","has-post-thumbnail","hentry","category-sociales"],"_links":{"self":[{"href":"https:\/\/corrientesdetarde.com\/index.php\/wp-json\/wp\/v2\/posts\/113462","targetHints":{"allow":["GET"]}}],"collection":[{"href":"https:\/\/corrientesdetarde.com\/index.php\/wp-json\/wp\/v2\/posts"}],"about":[{"href":"https:\/\/corrientesdetarde.com\/index.php\/wp-json\/wp\/v2\/types\/post"}],"author":[{"embeddable":true,"href":"https:\/\/corrientesdetarde.com\/index.php\/wp-json\/wp\/v2\/users\/4"}],"replies":[{"embeddable":true,"href":"https:\/\/corrientesdetarde.com\/index.php\/wp-json\/wp\/v2\/comments?post=113462"}],"version-history":[{"count":1,"href":"https:\/\/corrientesdetarde.com\/index.php\/wp-json\/wp\/v2\/posts\/113462\/revisions"}],"predecessor-version":[{"id":113465,"href":"https:\/\/corrientesdetarde.com\/index.php\/wp-json\/wp\/v2\/posts\/113462\/revisions\/113465"}],"wp:featuredmedia":[{"embeddable":true,"href":"https:\/\/corrientesdetarde.com\/index.php\/wp-json\/wp\/v2\/media\/113464"}],"wp:attachment":[{"href":"https:\/\/corrientesdetarde.com\/index.php\/wp-json\/wp\/v2\/media?parent=113462"}],"wp:term":[{"taxonomy":"category","embeddable":true,"href":"https:\/\/corrientesdetarde.com\/index.php\/wp-json\/wp\/v2\/categories?post=113462"},{"taxonomy":"post_tag","embeddable":true,"href":"https:\/\/corrientesdetarde.com\/index.php\/wp-json\/wp\/v2\/tags?post=113462"}],"curies":[{"name":"wp","href":"https:\/\/api.w.org\/{rel}","templated":true}]}}