{"id":113466,"date":"2023-12-24T08:30:57","date_gmt":"2023-12-24T11:30:57","guid":{"rendered":"https:\/\/corrientesdetarde.com\/?p=113466"},"modified":"2023-12-24T08:31:00","modified_gmt":"2023-12-24T11:31:00","slug":"que-valores-se-manejan-para-vacacionar-en-mar-del-plata-la-primera-quincena-de-enero","status":"publish","type":"post","link":"https:\/\/corrientesdetarde.com\/index.php\/economia\/que-valores-se-manejan-para-vacacionar-en-mar-del-plata-la-primera-quincena-de-enero\/","title":{"rendered":"\u00bfQu\u00e9 valores se manejan para vacacionar en Mar del Plata la primera quincena de enero?"},"content":{"rendered":"\n<p>Hubo fuertes aumentos en la Costa Atl\u00e1ntica de cara al verano 2024 que se avecina.<\/p>\n\n\n\n<p>Uno de los destinos m\u00e1s concurridos de la Argentina durante el verano es\u00a0<strong>Mar del Plata<\/strong>, la ciudad balnearia m\u00e1s importante de la\u00a0<strong>Costa Atl\u00e1ntica<\/strong>\u00a0y que a\u00f1o a a\u00f1o convoca a\u00a0<strong>cientos de miles de turistas<\/strong>\u00a0que vacacionan en sus playas y adem\u00e1s aprovechan para disfrutar una\u00a0<strong>gran oferta gastron\u00f3mica<\/strong>, cultural y deportiva.\u00a0<\/p>\n\n\n\n<p>Siempre se dijo que\u00a0<strong>Mar del Plata\u00a0es una ciudad para todos los bolsillos<\/strong>, debido a que cuenta con zonas m\u00e1s populares como La Perla, el Centro o Punta Iglesias en las que<strong>\u00a0alojarse resulta un poco m\u00e1s econ\u00f3mico y salir a comer afuera es m\u00e1s llevadero<\/strong>, aunque este a\u00f1o los retoques de precios alcanzaron a todos los sectores de la ciudad y si una familia tipo pretende pasar la primera quincena de enero all\u00ed debe desembolsar al menos un mill\u00f3n de pesos.\u00a0<strong>Esa cifra se incrementa si se eligen barrios m\u00e1s acomodados de la ciudad<\/strong>, como G\u00fcemes o las playas del sur.\u00a0<\/p>\n\n\n\n<p>Antes que nada est\u00e1 el pasaje:\u00a0<strong>el costo de un boleto semicama en colectivo ronda los $36.500<\/strong>, por lo que para cuatro personas si se suma el total del trayecto de idea y la vuelta el monto a pagar\u00a0<strong>asciende a los $292.000<\/strong>. En el caso de que se desee optar por un ticket en asiento cama, la tarifa trepa a<strong>\u00a0$40.000 por persona por tramo<\/strong>.<\/p>\n\n\n\n<figure class=\"wp-block-image size-full\"><img loading=\"lazy\" decoding=\"async\" width=\"777\" height=\"472\" src=\"https:\/\/corrientesdetarde.com\/wp-content\/uploads\/2023\/12\/image-596.png\" alt=\"\" class=\"wp-image-113467\" srcset=\"https:\/\/corrientesdetarde.com\/wp-content\/uploads\/2023\/12\/image-596.png 777w, https:\/\/corrientesdetarde.com\/wp-content\/uploads\/2023\/12\/image-596-300x182.png 300w, https:\/\/corrientesdetarde.com\/wp-content\/uploads\/2023\/12\/image-596-768x467.png 768w\" sizes=\"auto, (max-width: 777px) 100vw, 777px\" \/><\/figure>\n\n\n\n<p>Alojarse en un&nbsp;<strong>departamento de dos ambientes para cuatro personas del barrio de La Perla<\/strong>&nbsp;en la primera quincena de enero (del 1\u00b0 al 15\u00b0) que cuenta con un dormitorio principal y un living con sill\u00f3n salto de cama para los m\u00e1s peque\u00f1os<strong>&nbsp;cuesta $693.700<\/strong>&nbsp;m\u00e1s un extra de $4.500 por servicio de limpieza.&nbsp;<\/p>\n\n\n\n<p>En la zona de la<strong>&nbsp;calle G\u00fcemes<\/strong>, un centro comercial a cielo abierto que cuenta con una amplia oferta gastron\u00f3mica y locales de ropa de primer nivel, alojarse por el mismo per\u00edodo en un<strong>&nbsp;departamento de tres ambientes&nbsp;<\/strong>con cuarto principal con cama matrimonial, m\u00e1s una pieza secundaria con dos camas individuales y un sof\u00e1 cama en el living<strong>&nbsp;cuesta $841.770<\/strong>.&nbsp;<\/p>\n\n\n\n<p>Ya si se pretende estar\u00a0<strong>en Playa Grande la cifra asciende de manera sustancial<\/strong>: un departamento de dos ambientes con un cuarto con cama matrimonial y un living que cuenta con un sof\u00e1 cama cuesta $1.502.450. Si durante su estancia en Mar del Plata una familia tipo adem\u00e1s quisiera\u00a0alquilar una carpa deber\u00eda desembolsar no menos de $30.000 diarios.\u00a0<\/p>\n\n\n\n<figure class=\"wp-block-image size-full\"><img loading=\"lazy\" decoding=\"async\" width=\"780\" height=\"444\" src=\"https:\/\/corrientesdetarde.com\/wp-content\/uploads\/2023\/12\/image-597.png\" alt=\"\" class=\"wp-image-113468\" srcset=\"https:\/\/corrientesdetarde.com\/wp-content\/uploads\/2023\/12\/image-597.png 780w, https:\/\/corrientesdetarde.com\/wp-content\/uploads\/2023\/12\/image-597-300x171.png 300w, https:\/\/corrientesdetarde.com\/wp-content\/uploads\/2023\/12\/image-597-768x437.png 768w\" sizes=\"auto, (max-width: 780px) 100vw, 780px\" \/><\/figure>\n\n\n\n<p>Con respecto al costo de vida en diciembre se calcul\u00f3 que la canasta b\u00e1sica de una familia tipo para no caer en la pobreza es de $390.000, por lo que prorrateado p<strong>or una quincena la cifra es de $182.000 para cuatro personas<\/strong>, siempre consumiendo productos b\u00e1sicos.&nbsp;<\/p>\n\n\n\n<p>Por lo tanto, si se toma la opci\u00f3n m\u00e1s econ\u00f3mica de alojamiento en La Perla ($693.700) y a eso se le suma el costo de pasajes ida y vuelta a Mar del Plata para cuatro personas ($292.000) y el costo de vida por 15 d\u00edas ($182.000) l<strong>a cifra m\u00ednima que deber\u00eda abonar una familia tipo para la mencionada estancia es de $1.167.700<\/strong>.<\/p>\n","protected":false},"excerpt":{"rendered":"<p>Hubo fuertes aumentos en la Costa Atl\u00e1ntica de cara al verano 2024 que se avecina. Uno de los destinos m\u00e1s concurridos de la Argentina durante el verano es\u00a0Mar del Plata,&hellip; <\/p>\n","protected":false},"author":4,"featured_media":113469,"comment_status":"closed","ping_status":"open","sticky":false,"template":"","format":"standard","meta":{"footnotes":""},"categories":[20],"tags":[],"class_list":["post-113466","post","type-post","status-publish","format-standard","has-post-thumbnail","hentry","category-economia"],"_links":{"self":[{"href":"https:\/\/corrientesdetarde.com\/index.php\/wp-json\/wp\/v2\/posts\/113466","targetHints":{"allow":["GET"]}}],"collection":[{"href":"https:\/\/corrientesdetarde.com\/index.php\/wp-json\/wp\/v2\/posts"}],"about":[{"href":"https:\/\/corrientesdetarde.com\/index.php\/wp-json\/wp\/v2\/types\/post"}],"author":[{"embeddable":true,"href":"https:\/\/corrientesdetarde.com\/index.php\/wp-json\/wp\/v2\/users\/4"}],"replies":[{"embeddable":true,"href":"https:\/\/corrientesdetarde.com\/index.php\/wp-json\/wp\/v2\/comments?post=113466"}],"version-history":[{"count":1,"href":"https:\/\/corrientesdetarde.com\/index.php\/wp-json\/wp\/v2\/posts\/113466\/revisions"}],"predecessor-version":[{"id":113470,"href":"https:\/\/corrientesdetarde.com\/index.php\/wp-json\/wp\/v2\/posts\/113466\/revisions\/113470"}],"wp:featuredmedia":[{"embeddable":true,"href":"https:\/\/corrientesdetarde.com\/index.php\/wp-json\/wp\/v2\/media\/113469"}],"wp:attachment":[{"href":"https:\/\/corrientesdetarde.com\/index.php\/wp-json\/wp\/v2\/media?parent=113466"}],"wp:term":[{"taxonomy":"category","embeddable":true,"href":"https:\/\/corrientesdetarde.com\/index.php\/wp-json\/wp\/v2\/categories?post=113466"},{"taxonomy":"post_tag","embeddable":true,"href":"https:\/\/corrientesdetarde.com\/index.php\/wp-json\/wp\/v2\/tags?post=113466"}],"curies":[{"name":"wp","href":"https:\/\/api.w.org\/{rel}","templated":true}]}}