{"id":113483,"date":"2023-12-24T09:09:23","date_gmt":"2023-12-24T12:09:23","guid":{"rendered":"https:\/\/corrientesdetarde.com\/?p=113483"},"modified":"2023-12-24T09:09:35","modified_gmt":"2023-12-24T12:09:35","slug":"maduro-critico-el-protocolo-antipiquete-de-milei-el-dia-que-sus-tanques-arrollaron-a-manifestantes-en-caracas","status":"publish","type":"post","link":"https:\/\/corrientesdetarde.com\/index.php\/internacionales\/maduro-critico-el-protocolo-antipiquete-de-milei-el-dia-que-sus-tanques-arrollaron-a-manifestantes-en-caracas\/","title":{"rendered":"Maduro critic\u00f3 el protocolo antipiquete de Milei: el d\u00eda que sus tanques arrollaron a manifestantes en Caracas"},"content":{"rendered":"\n<p>El l\u00edder chavista hab\u00eda ordenado atropellar a los dirigentes opositores y ciudadanos que salieron a las calles contra su gesti\u00f3n.<\/p>\n\n\n\n<p>El presidente de Venezuela lanz\u00f3 dur\u00edsimas cr\u00edticas contra el Gobierno argentino por la aplicaci\u00f3n del protocolo antipiquete en la marcha del 20 de diciembre en la Ciudad de Buenos Aires, cuando las organizaciones sociales salieron a las calles en su primera protesta contra el ajuste de Javier Milei.<\/p>\n\n\n\n<p>\u201cEn la Argentina hay una doctrina tra\u00edda de los manuales represivos de Israel y de Estados Unidos para reprimir y acabar al pueblo\u201d, dijo sin tapujos el l\u00edder chavista.&nbsp;<\/p>\n\n\n\n<p>En relaci\u00f3n al protocolo creado por Patricia Bullrich para evitar los cortes de calles, Maduro lanz\u00f3: \u201cEs<strong>&nbsp;una doctrina para someter al pueblo con paquetes neoliberales, para entregar la soberan\u00eda de los pa\u00edses y acallar la voz de los pueblos, como est\u00e1 pasando hoy en la Argentina\u201d.<\/strong><\/p>\n\n\n\n<p>Sus declaraciones no dejan de llamar la atenci\u00f3n porque si de represi\u00f3n se trata, en Venezuela hace a\u00f1os que esa pr\u00e1ctica viene ocurriendo contra los opositores.<\/p>\n\n\n\n<p><strong>Las tanquetas de Nicol\u00e1s Maduro<\/strong><\/p>\n\n\n\n<p>A mediados del 2019, Venezuela estuvo en la primera plana del mundo por un hecho aberrante que hasta el d\u00eda de hoy se recuerda. Una manifestaci\u00f3n contra el jefe de Estado, que convoc\u00f3 a seguidores de Juan Guaid\u00f3 y a organizaciones sociales, se desarroll\u00f3 en el centro del pa\u00eds, pero Nicol\u00e1s Maduro decidi\u00f3 reprimir a los manifestantes. En los videos se pueden ver c\u00f3mo las tanquetas militares arrollan a la gente que se movilizaba.<\/p>\n\n\n\n<figure class=\"wp-block-video\"><video height=\"360\" style=\"aspect-ratio: 640 \/ 360;\" width=\"640\" controls src=\"https:\/\/corrientesdetarde.com\/wp-content\/uploads\/2023\/12\/4.mp4\"><\/video><\/figure>\n","protected":false},"excerpt":{"rendered":"<p>El l\u00edder chavista hab\u00eda ordenado atropellar a los dirigentes opositores y ciudadanos que salieron a las calles contra su gesti\u00f3n. El presidente de Venezuela lanz\u00f3 dur\u00edsimas cr\u00edticas contra el Gobierno&hellip; <\/p>\n","protected":false},"author":4,"featured_media":113485,"comment_status":"closed","ping_status":"open","sticky":false,"template":"","format":"standard","meta":{"footnotes":""},"categories":[11],"tags":[],"class_list":["post-113483","post","type-post","status-publish","format-standard","has-post-thumbnail","hentry","category-internacionales"],"_links":{"self":[{"href":"https:\/\/corrientesdetarde.com\/index.php\/wp-json\/wp\/v2\/posts\/113483","targetHints":{"allow":["GET"]}}],"collection":[{"href":"https:\/\/corrientesdetarde.com\/index.php\/wp-json\/wp\/v2\/posts"}],"about":[{"href":"https:\/\/corrientesdetarde.com\/index.php\/wp-json\/wp\/v2\/types\/post"}],"author":[{"embeddable":true,"href":"https:\/\/corrientesdetarde.com\/index.php\/wp-json\/wp\/v2\/users\/4"}],"replies":[{"embeddable":true,"href":"https:\/\/corrientesdetarde.com\/index.php\/wp-json\/wp\/v2\/comments?post=113483"}],"version-history":[{"count":1,"href":"https:\/\/corrientesdetarde.com\/index.php\/wp-json\/wp\/v2\/posts\/113483\/revisions"}],"predecessor-version":[{"id":113486,"href":"https:\/\/corrientesdetarde.com\/index.php\/wp-json\/wp\/v2\/posts\/113483\/revisions\/113486"}],"wp:featuredmedia":[{"embeddable":true,"href":"https:\/\/corrientesdetarde.com\/index.php\/wp-json\/wp\/v2\/media\/113485"}],"wp:attachment":[{"href":"https:\/\/corrientesdetarde.com\/index.php\/wp-json\/wp\/v2\/media?parent=113483"}],"wp:term":[{"taxonomy":"category","embeddable":true,"href":"https:\/\/corrientesdetarde.com\/index.php\/wp-json\/wp\/v2\/categories?post=113483"},{"taxonomy":"post_tag","embeddable":true,"href":"https:\/\/corrientesdetarde.com\/index.php\/wp-json\/wp\/v2\/tags?post=113483"}],"curies":[{"name":"wp","href":"https:\/\/api.w.org\/{rel}","templated":true}]}}