{"id":113491,"date":"2023-12-24T09:34:20","date_gmt":"2023-12-24T12:34:20","guid":{"rendered":"https:\/\/corrientesdetarde.com\/?p=113491"},"modified":"2023-12-24T09:34:31","modified_gmt":"2023-12-24T12:34:31","slug":"sub-23-mascherano-presento-una-nueva-lista-de-convocados-para-la-preparacion-del-preolimpico-2024","status":"publish","type":"post","link":"https:\/\/corrientesdetarde.com\/index.php\/deportes\/sub-23-mascherano-presento-una-nueva-lista-de-convocados-para-la-preparacion-del-preolimpico-2024\/","title":{"rendered":"Sub 23: Mascherano present\u00f3 una nueva lista de convocados para la preparaci\u00f3n del Preol\u00edmpico 2024"},"content":{"rendered":"\n<p>La Albiceleste se entrenar\u00e1 desde el pr\u00f3ximo martes en el predio de Ezeiza, de cara al preol\u00edmpico que se jugar\u00e1 en Venezuela a fines de enero.<\/p>\n\n\n\n<p>El entrenador de la Selecci\u00f3n Argentina Sub 23,<strong>&nbsp;Javier Mascherano, dio a conocer una nueva lista provisoria para continuar con la preparaci\u00f3<\/strong>n, en la v\u00edspera del preol\u00edmpico de Venezuela 2024.&nbsp;<\/p>\n\n\n\n<p>El combinado nacional volver\u00e1 a los entrenamientos en el predio Lionel Andr\u00e9s Messi, a partir del martes 26 de diciembre en donde se destaca la presencia de Thiago Almada, Valent\u00edn Barco, \u2018Equi\u2019 Fern\u00e1ndez, Nicol\u00e1s Valentini, Pablo Solari y Facundo Far\u00edas.<\/p>\n\n\n\n<figure class=\"wp-block-embed is-type-rich is-provider-twitter wp-block-embed-twitter\"><div class=\"wp-block-embed__wrapper\">\n<blockquote class=\"twitter-tweet\" data-width=\"550\" data-dnt=\"true\"><p lang=\"es\" dir=\"ltr\">La Selecci\u00f3n <a href=\"https:\/\/twitter.com\/hashtag\/Sub23?src=hash&amp;ref_src=twsrc%5Etfw\">#Sub23<\/a> contin\u00faa trabajando de cara al <a href=\"https:\/\/twitter.com\/hashtag\/Preol%C3%ADmpico?src=hash&amp;ref_src=twsrc%5Etfw\">#Preol\u00edmpico<\/a> de <a href=\"https:\/\/twitter.com\/hashtag\/Venezuela?src=hash&amp;ref_src=twsrc%5Etfw\">#Venezuela<\/a>\ud83c\uddfb\ud83c\uddea.<br><br>Javier Mascherano convoc\u00f3 a 26 jugadores para entrenar en el Predio Lionel Messi desde el martes, en la \u00faltima semana del a\u00f1o.  <br><br>\ud83d\udcf2 <a href=\"https:\/\/t.co\/GfwtzFeKRq\">https:\/\/t.co\/GfwtzFeKRq<\/a> <a href=\"https:\/\/t.co\/esgBnAUCta\">pic.twitter.com\/esgBnAUCta<\/a><\/p>&mdash; \ud83c\udde6\ud83c\uddf7 Selecci\u00f3n Argentina \u2b50\u2b50\u2b50 (@Argentina) <a href=\"https:\/\/twitter.com\/Argentina\/status\/1738724662777913810?ref_src=twsrc%5Etfw\">December 24, 2023<\/a><\/blockquote><script async src=\"https:\/\/platform.twitter.com\/widgets.js\" charset=\"utf-8\"><\/script>\n<\/div><\/figure>\n\n\n\n<p>Los entrenamientos&nbsp;<strong>se desarrollar\u00e1n del martes al viernes 29 de diciembre,<\/strong>&nbsp;las primeras tres a las 17, en tanto que la \u00faltima ser\u00e1 a las 9.30, de acuerdo a lo que inform\u00f3 AFA en su sitio web.<\/p>\n\n\n\n<p>El&nbsp;<strong>preol\u00edmpico se dar\u00e1 inicio el 20 de enero<\/strong>, en Venezuela, y Argentina tendr\u00e1 como rivales a Uruguay, Chile, Paraguay y Per\u00fa, por el grupo B.&nbsp;<\/p>\n\n\n\n<p>El certamen brindar\u00e1 la clasificaci\u00f3n a los Juegos Ol\u00edmpicos de Par\u00eds 2024, entregando dos cupos. La finalizaci\u00f3n ser\u00e1 el domingo 11 de febrero, en tanto que sus sedes son Caracas, Valencia y Barquisimeto.<\/p>\n\n\n\n<h3 class=\"wp-block-heading\"><br>Los convocados por Mascherano son:&nbsp;<\/h3>\n\n\n\n<p>-Marco Di C\u00e9sare, Luciano Gondou y Federico Redondo, de Argentinos&nbsp;<br>Juniors.<br>-Juan Sforza, Ian Glavinocich y Francisco Gonz\u00e1lez, de Newell &#8216;s&nbsp;<br>Old Boys.<br>-Joaqu\u00edn Garc\u00eda y Santiago Castro, de V\u00e9lez Sarsfield.<br>-Leandro Brey, Nicol\u00e1s Valentini, Valent\u00edn Barco, Ezequiel&nbsp;<br>Fern\u00e1ndez y Cristian Medina, de Boca Juniors.<br>-Lucas Esquivel, de Paranaense, de Brasil.<br>-Ramiro Enrique, de Orlando City, de Estados Unidos.<br>-Juli\u00e1n Malatini, de Defensa y Justicia.<br>-Rocco R\u00edos Novo, de Phoenix Rising, de Estados Unidos.<br>-Gonzalo Luj\u00e1n, de San Lorenzo.<br>-Baltasar Rodr\u00edguez y Juan Nardoni, de Racing Club.<br>-Pablo C\u00e9sar Solari, de River Plate.<br>-Aaron Quir\u00f3s, de Banfield.<br>-Pedro De la Vega, de Lan\u00fas.<br>-Facundo Far\u00edas, de Inter de Miami, de Estados Unidos.<br>-Thiago Almada, de Atlanta United, de Estados Unidos.<br>-Fabricio Iacovich, de Estudiantes (LP).<\/p>\n","protected":false},"excerpt":{"rendered":"<p>La Albiceleste se entrenar\u00e1 desde el pr\u00f3ximo martes en el predio de Ezeiza, de cara al preol\u00edmpico que se jugar\u00e1 en Venezuela a fines de enero. El entrenador de la&hellip; <\/p>\n","protected":false},"author":4,"featured_media":113492,"comment_status":"closed","ping_status":"open","sticky":false,"template":"","format":"standard","meta":{"footnotes":""},"categories":[4],"tags":[],"class_list":["post-113491","post","type-post","status-publish","format-standard","has-post-thumbnail","hentry","category-deportes"],"_links":{"self":[{"href":"https:\/\/corrientesdetarde.com\/index.php\/wp-json\/wp\/v2\/posts\/113491","targetHints":{"allow":["GET"]}}],"collection":[{"href":"https:\/\/corrientesdetarde.com\/index.php\/wp-json\/wp\/v2\/posts"}],"about":[{"href":"https:\/\/corrientesdetarde.com\/index.php\/wp-json\/wp\/v2\/types\/post"}],"author":[{"embeddable":true,"href":"https:\/\/corrientesdetarde.com\/index.php\/wp-json\/wp\/v2\/users\/4"}],"replies":[{"embeddable":true,"href":"https:\/\/corrientesdetarde.com\/index.php\/wp-json\/wp\/v2\/comments?post=113491"}],"version-history":[{"count":1,"href":"https:\/\/corrientesdetarde.com\/index.php\/wp-json\/wp\/v2\/posts\/113491\/revisions"}],"predecessor-version":[{"id":113493,"href":"https:\/\/corrientesdetarde.com\/index.php\/wp-json\/wp\/v2\/posts\/113491\/revisions\/113493"}],"wp:featuredmedia":[{"embeddable":true,"href":"https:\/\/corrientesdetarde.com\/index.php\/wp-json\/wp\/v2\/media\/113492"}],"wp:attachment":[{"href":"https:\/\/corrientesdetarde.com\/index.php\/wp-json\/wp\/v2\/media?parent=113491"}],"wp:term":[{"taxonomy":"category","embeddable":true,"href":"https:\/\/corrientesdetarde.com\/index.php\/wp-json\/wp\/v2\/categories?post=113491"},{"taxonomy":"post_tag","embeddable":true,"href":"https:\/\/corrientesdetarde.com\/index.php\/wp-json\/wp\/v2\/tags?post=113491"}],"curies":[{"name":"wp","href":"https:\/\/api.w.org\/{rel}","templated":true}]}}