{"id":113494,"date":"2023-12-24T09:51:56","date_gmt":"2023-12-24T12:51:56","guid":{"rendered":"https:\/\/corrientesdetarde.com\/?p=113494"},"modified":"2023-12-24T09:52:02","modified_gmt":"2023-12-24T12:52:02","slug":"martin-demichelis-y-la-consagracion-de-river-mereciamos-cerrar-el-ano-asi","status":"publish","type":"post","link":"https:\/\/corrientesdetarde.com\/index.php\/deportes\/martin-demichelis-y-la-consagracion-de-river-mereciamos-cerrar-el-ano-asi\/","title":{"rendered":"Mart\u00edn Demichelis y la consagraci\u00f3n de River: &#8220;Merec\u00edamos cerrar el a\u00f1o as\u00ed&#8221;"},"content":{"rendered":"\n<p>El entrenador Millonario mostr\u00f3 su alegr\u00eda tras cosechar el segundo t\u00edtulo de la temporada.<\/p>\n\n\n\n<p>El entrenador de River,&nbsp;<strong>Mart\u00edn Demichelis, manifest\u00f3 su alegr\u00eda tras la consagraci\u00f3n de River en el Trofeo de Campeones 2023<\/strong>, luego de ganar por 2 a 0 a Rosario Central. Segundo t\u00edtulo en esta competencia para el conjunto de Nu\u00f1ez, ya que se qued\u00f3 con la primera edici\u00f3n en 2021.&nbsp;<\/p>\n\n\n\n<p>\u201c<strong>Siento mucha felicidad por haber cerrada el a\u00f1o como el \u00faltimo campe\u00f3n<\/strong>. Lamentablemente hace dos semanas no se nos dieron los goles, hoy si.&nbsp;<strong>Hoy se vio un equipo que propuso que domin\u00f3 y se pudo ganar<\/strong>\u201d, dijo Demichelis apenas termin\u00f3 el encuentro en el estadio \u00danico Madres de Ciudades.&nbsp;<\/p>\n\n\n\n<p>Adem\u00e1s, el DT de 43 a\u00f1os agradeci\u00f3 \u00a0todos los presentes: \u201cEsto es para toda la gente que dej\u00f3 todo para venirse hasta Santiago,<strong>\u00a0no tengo m\u00e1s que palabras de agradecimiento para la gente, para el plantel y nos merec\u00edamos terminar el a\u00f1o as\u00ed\u201d.<\/strong><\/p>\n\n\n\n<figure class=\"wp-block-embed is-type-rich is-provider-twitter wp-block-embed-twitter\"><div class=\"wp-block-embed__wrapper\">\n<blockquote class=\"twitter-tweet\" data-width=\"550\" data-dnt=\"true\"><p lang=\"es\" dir=\"ltr\">SEGUNDO TITULO PARA MART\u00cdN DEMICHELIS EN RIVER \u26aa\ud83d\udd34\u26aa<br><br>\ud83c\udfc6 Liga Profesional 2023<br>\ud83c\udfc6 Trofeo de Campeones 2023 <a href=\"https:\/\/t.co\/hSwGqP82ex\">pic.twitter.com\/hSwGqP82ex<\/a><\/p>&mdash; TNT Sports Argentina (@TNTSportsAR) <a href=\"https:\/\/twitter.com\/TNTSportsAR\/status\/1738389115278643433?ref_src=twsrc%5Etfw\">December 23, 2023<\/a><\/blockquote><script async src=\"https:\/\/platform.twitter.com\/widgets.js\" charset=\"utf-8\"><\/script>\n<\/div><\/figure>\n\n\n\n<p>Demichelis se mostr\u00f3 al borde de las l\u00e1grimas y&nbsp;revel\u00f3 que pens\u00f3 en su familia apenas finaliz\u00f3 el encuentro en Santiago del Estero:&nbsp;\u201cSiempre pienso en mi familia. En mi mujer, en mis hijos, en mis hermanas.&nbsp;<strong>No es f\u00e1cil volver al pa\u00eds<\/strong>. Soy argentino, mi familia tambi\u00e9n. 20 a\u00f1os afuera y bueno, hay que volver a adaptarse a la cultura<strong>. Fue un a\u00f1o de grand\u00edsima experiencia en todo sentido\u201d<\/strong>, respondi\u00f3, entre l\u00e1grimas.<\/p>\n\n\n\n<p><em><strong>Por \u00faltimo, el entrenador subray\u00f3 la importancia del apoyo dirigencial desde su llegada: &nbsp;&#8220;Soy inmensamente feliz en River, tengo un grupo dirigencial que siempre me apoy\u00f3 y me dio tranquilidad. Francescoli y Ponzio que me apoyan.&nbsp;Esta instituci\u00f3n es la mejor de Sudam\u00e9rica sin dudas. Nos vamos de vacaciones con una alegr\u00eda y la gente se la merec\u00eda&#8221;<\/strong><\/em>, se sincer\u00f3 el t\u00e9cnico del Millonario.<\/p>\n","protected":false},"excerpt":{"rendered":"<p>El entrenador Millonario mostr\u00f3 su alegr\u00eda tras cosechar el segundo t\u00edtulo de la temporada. El entrenador de River,&nbsp;Mart\u00edn Demichelis, manifest\u00f3 su alegr\u00eda tras la consagraci\u00f3n de River en el Trofeo&hellip; <\/p>\n","protected":false},"author":4,"featured_media":113495,"comment_status":"closed","ping_status":"open","sticky":false,"template":"","format":"standard","meta":{"footnotes":""},"categories":[4],"tags":[],"class_list":["post-113494","post","type-post","status-publish","format-standard","has-post-thumbnail","hentry","category-deportes"],"_links":{"self":[{"href":"https:\/\/corrientesdetarde.com\/index.php\/wp-json\/wp\/v2\/posts\/113494","targetHints":{"allow":["GET"]}}],"collection":[{"href":"https:\/\/corrientesdetarde.com\/index.php\/wp-json\/wp\/v2\/posts"}],"about":[{"href":"https:\/\/corrientesdetarde.com\/index.php\/wp-json\/wp\/v2\/types\/post"}],"author":[{"embeddable":true,"href":"https:\/\/corrientesdetarde.com\/index.php\/wp-json\/wp\/v2\/users\/4"}],"replies":[{"embeddable":true,"href":"https:\/\/corrientesdetarde.com\/index.php\/wp-json\/wp\/v2\/comments?post=113494"}],"version-history":[{"count":1,"href":"https:\/\/corrientesdetarde.com\/index.php\/wp-json\/wp\/v2\/posts\/113494\/revisions"}],"predecessor-version":[{"id":113496,"href":"https:\/\/corrientesdetarde.com\/index.php\/wp-json\/wp\/v2\/posts\/113494\/revisions\/113496"}],"wp:featuredmedia":[{"embeddable":true,"href":"https:\/\/corrientesdetarde.com\/index.php\/wp-json\/wp\/v2\/media\/113495"}],"wp:attachment":[{"href":"https:\/\/corrientesdetarde.com\/index.php\/wp-json\/wp\/v2\/media?parent=113494"}],"wp:term":[{"taxonomy":"category","embeddable":true,"href":"https:\/\/corrientesdetarde.com\/index.php\/wp-json\/wp\/v2\/categories?post=113494"},{"taxonomy":"post_tag","embeddable":true,"href":"https:\/\/corrientesdetarde.com\/index.php\/wp-json\/wp\/v2\/tags?post=113494"}],"curies":[{"name":"wp","href":"https:\/\/api.w.org\/{rel}","templated":true}]}}