{"id":113497,"date":"2023-12-24T10:07:30","date_gmt":"2023-12-24T13:07:30","guid":{"rendered":"https:\/\/corrientesdetarde.com\/?p=113497"},"modified":"2023-12-24T10:07:33","modified_gmt":"2023-12-24T13:07:33","slug":"river-campeon-la-bomba-de-echeverri-que-opaco-los-festejos","status":"publish","type":"post","link":"https:\/\/corrientesdetarde.com\/index.php\/deportes\/river-campeon-la-bomba-de-echeverri-que-opaco-los-festejos\/","title":{"rendered":"River campe\u00f3n: la bomba de Echeverri que opac\u00f3 los festejos"},"content":{"rendered":"\n<p>El extremo de River afirm\u00f3 que solo continuar\u00e1 unos meses en el equipo de Nu\u00f1ez y dijo que no renovar\u00e1 contrato.<\/p>\n\n\n\n<p>El mediocampista&nbsp;<strong>C<\/strong><strong>laudio Echeverri,<\/strong>&nbsp;quien jug\u00f3 su primer partido como titular en River,&nbsp;<strong>confirm\u00f3 que no renovar\u00e1 su contrato en el conjunto Millonario, pero se quedar\u00e1 \u201cpor unos meses m\u00e1s\u201d.<\/strong><\/p>\n\n\n\n<p>&#8220;No v<strong>oy a renovar, creo que me quedo ac\u00e1 en River y despu\u00e9s se ver\u00e1 mi futuro, pero seis meses o un a\u00f1ito m\u00e1s me quedo<\/strong>&#8220;, asegur\u00f3 el juvenil de 17 a\u00f1os post partido en la victoria ante Rosario Central que le dio el Trofeo de Campeones a los de Nu\u00f1ez.<\/p>\n\n\n\n<figure class=\"wp-block-embed is-type-rich is-provider-twitter wp-block-embed-twitter\"><div class=\"wp-block-embed__wrapper\">\n<blockquote class=\"twitter-tweet\" data-width=\"550\" data-dnt=\"true\"><p lang=\"es\" dir=\"ltr\">&quot;NO VOY A RENOVAR, PERO ME VOY A QUEDAR EN RIVER&quot;<br><br>\ud83d\udca3 BOMBAZO DEL DIABLITO ECHEVERRI <br><br>\ud83c\udfc6 <a href=\"https:\/\/twitter.com\/hashtag\/TrofeoCampeonesLPF?src=hash&amp;ref_src=twsrc%5Etfw\">#TrofeoCampeonesLPF<\/a> <a href=\"https:\/\/t.co\/yHWzpfFLXn\">pic.twitter.com\/yHWzpfFLXn<\/a><\/p>&mdash; SportsCenter (@SC_ESPN) <a href=\"https:\/\/twitter.com\/SC_ESPN\/status\/1738386290830123263?ref_src=twsrc%5Etfw\">December 23, 2023<\/a><\/blockquote><script async src=\"https:\/\/platform.twitter.com\/widgets.js\" charset=\"utf-8\"><\/script>\n<\/div><\/figure>\n\n\n\n<p>Adem\u00e1s, el jugador de la Selecci\u00f3n Argentina Sub 17 valor\u00f3 su oportunidad de estar dentro de los titulares: &#8220;Contento por otro trofeo ganado, muy contento por el equipo, por el trabajo que hicimos.&nbsp;<strong>La titularidad es un premio, para eso trabajamos toda la semana, para jugar, para estar en el once titular y por suerte se me dio<\/strong>\u201d, expres\u00f3 en declaraciones a TNT Sports.<\/p>\n\n\n\n<p>Por \u00faltimo, Echeverri se refiri\u00f3 a la despedida de&nbsp;Enzo P\u00e9rez,&nbsp;que disput\u00f3 su \u00faltimo partido con la camiseta del Millonario.&nbsp;&#8220;Nos dieron una cinta a todos<strong>,&nbsp;fue el \u00faltimo partido de Enzo y nos dieron como reconocimiento a \u00e9l.&nbsp;Estamos muy contentos por Enzo<\/strong>,&nbsp;es una l\u00e1stima que se nos va, pero es un \u00eddolo y el tiempo que estuvimos ac\u00e1 lo pude disfrutar&#8221;.<\/p>\n","protected":false},"excerpt":{"rendered":"<p>El extremo de River afirm\u00f3 que solo continuar\u00e1 unos meses en el equipo de Nu\u00f1ez y dijo que no renovar\u00e1 contrato. El mediocampista&nbsp;Claudio Echeverri,&nbsp;quien jug\u00f3 su primer partido como titular&hellip; <\/p>\n","protected":false},"author":4,"featured_media":113498,"comment_status":"closed","ping_status":"open","sticky":false,"template":"","format":"standard","meta":{"footnotes":""},"categories":[4],"tags":[],"class_list":["post-113497","post","type-post","status-publish","format-standard","has-post-thumbnail","hentry","category-deportes"],"_links":{"self":[{"href":"https:\/\/corrientesdetarde.com\/index.php\/wp-json\/wp\/v2\/posts\/113497","targetHints":{"allow":["GET"]}}],"collection":[{"href":"https:\/\/corrientesdetarde.com\/index.php\/wp-json\/wp\/v2\/posts"}],"about":[{"href":"https:\/\/corrientesdetarde.com\/index.php\/wp-json\/wp\/v2\/types\/post"}],"author":[{"embeddable":true,"href":"https:\/\/corrientesdetarde.com\/index.php\/wp-json\/wp\/v2\/users\/4"}],"replies":[{"embeddable":true,"href":"https:\/\/corrientesdetarde.com\/index.php\/wp-json\/wp\/v2\/comments?post=113497"}],"version-history":[{"count":1,"href":"https:\/\/corrientesdetarde.com\/index.php\/wp-json\/wp\/v2\/posts\/113497\/revisions"}],"predecessor-version":[{"id":113499,"href":"https:\/\/corrientesdetarde.com\/index.php\/wp-json\/wp\/v2\/posts\/113497\/revisions\/113499"}],"wp:featuredmedia":[{"embeddable":true,"href":"https:\/\/corrientesdetarde.com\/index.php\/wp-json\/wp\/v2\/media\/113498"}],"wp:attachment":[{"href":"https:\/\/corrientesdetarde.com\/index.php\/wp-json\/wp\/v2\/media?parent=113497"}],"wp:term":[{"taxonomy":"category","embeddable":true,"href":"https:\/\/corrientesdetarde.com\/index.php\/wp-json\/wp\/v2\/categories?post=113497"},{"taxonomy":"post_tag","embeddable":true,"href":"https:\/\/corrientesdetarde.com\/index.php\/wp-json\/wp\/v2\/tags?post=113497"}],"curies":[{"name":"wp","href":"https:\/\/api.w.org\/{rel}","templated":true}]}}