{"id":113505,"date":"2023-12-24T10:27:31","date_gmt":"2023-12-24T13:27:31","guid":{"rendered":"https:\/\/corrientesdetarde.com\/?p=113505"},"modified":"2023-12-24T10:27:42","modified_gmt":"2023-12-24T13:27:42","slug":"pamela-david-enfrentada-con-marina-calabro-vive-hablando-de-mi","status":"publish","type":"post","link":"https:\/\/corrientesdetarde.com\/index.php\/espectaculos\/pamela-david-enfrentada-con-marina-calabro-vive-hablando-de-mi\/","title":{"rendered":"Pamela David, enfrentada con Marina Calabr\u00f3: &#8220;Vive hablando de m\u00ed&#8221;"},"content":{"rendered":"\n<p>La conductora se molest\u00f3 por las versiones que habr\u00eda lanzado la periodista sobre la continuidad de su programa Desayuno Americano.<\/p>\n\n\n\n<p><strong>Pamela David<\/strong>&nbsp;se mostr\u00f3 muy molesta por los supuestos dichos de&nbsp;<strong>Marina Calabr\u00f3<\/strong>. Durante una entrevista le dijeron a la conductora de&nbsp;<em>Desayuno Americano<\/em>&nbsp;que la periodista hab\u00eda dicho que ten\u00eda problemas personales y que no se sab\u00eda si continuar\u00eda con su programa en Am\u00e9rica.<\/p>\n\n\n\n<p><strong>&#8220;Nunca me llam\u00f3, nunca en la vida me escribi\u00f3. Siempre habla de m\u00ed, no tengo ning\u00fan problema personal, \u00bfde d\u00f3nde saca que tengo un problema personal? Vive hablando de m\u00ed&#8221;<\/strong>, le reproch\u00f3 Pamela a Marina.<\/p>\n\n\n\n<p>Pero la menor de las hermanas Calabr\u00f3, que viene de d\u00edas dif\u00edciles por su separaci\u00f3n y por la pelea con su hermana Iliana, manifest\u00f3 durante una nota en<em>&nbsp;Socios del Espect\u00e1culo<\/em>&nbsp;que ella no se hab\u00eda referido a problemas personales, solo a temas laborales ya que no se sab\u00eda si seguir\u00eda&nbsp;<em>Desayuno Americano<\/em>, pero ahora pudo averiguar que continuar\u00e1, aunque con algunos cambios.<\/p>\n\n\n\n<p><strong>&#8220;Yo lo que habl\u00e9 es laboral, no hice ninguna referencia a su situaci\u00f3n personal ni de pareja, los alcahuetes le deben contar mal. Si dijo que yo alud\u00ed a alg\u00fan tipo de problema personal, es mentira. Voy a dormir bien esta noche, tengo la conciencia tranquila&#8221;<\/strong>, concluy\u00f3 Marina Calabr\u00f3.<\/p>\n","protected":false},"excerpt":{"rendered":"<p>La conductora se molest\u00f3 por las versiones que habr\u00eda lanzado la periodista sobre la continuidad de su programa Desayuno Americano. Pamela David&nbsp;se mostr\u00f3 muy molesta por los supuestos dichos de&nbsp;Marina&hellip; <\/p>\n","protected":false},"author":4,"featured_media":113506,"comment_status":"closed","ping_status":"open","sticky":false,"template":"","format":"standard","meta":{"footnotes":""},"categories":[19],"tags":[],"class_list":["post-113505","post","type-post","status-publish","format-standard","has-post-thumbnail","hentry","category-espectaculos"],"_links":{"self":[{"href":"https:\/\/corrientesdetarde.com\/index.php\/wp-json\/wp\/v2\/posts\/113505","targetHints":{"allow":["GET"]}}],"collection":[{"href":"https:\/\/corrientesdetarde.com\/index.php\/wp-json\/wp\/v2\/posts"}],"about":[{"href":"https:\/\/corrientesdetarde.com\/index.php\/wp-json\/wp\/v2\/types\/post"}],"author":[{"embeddable":true,"href":"https:\/\/corrientesdetarde.com\/index.php\/wp-json\/wp\/v2\/users\/4"}],"replies":[{"embeddable":true,"href":"https:\/\/corrientesdetarde.com\/index.php\/wp-json\/wp\/v2\/comments?post=113505"}],"version-history":[{"count":1,"href":"https:\/\/corrientesdetarde.com\/index.php\/wp-json\/wp\/v2\/posts\/113505\/revisions"}],"predecessor-version":[{"id":113507,"href":"https:\/\/corrientesdetarde.com\/index.php\/wp-json\/wp\/v2\/posts\/113505\/revisions\/113507"}],"wp:featuredmedia":[{"embeddable":true,"href":"https:\/\/corrientesdetarde.com\/index.php\/wp-json\/wp\/v2\/media\/113506"}],"wp:attachment":[{"href":"https:\/\/corrientesdetarde.com\/index.php\/wp-json\/wp\/v2\/media?parent=113505"}],"wp:term":[{"taxonomy":"category","embeddable":true,"href":"https:\/\/corrientesdetarde.com\/index.php\/wp-json\/wp\/v2\/categories?post=113505"},{"taxonomy":"post_tag","embeddable":true,"href":"https:\/\/corrientesdetarde.com\/index.php\/wp-json\/wp\/v2\/tags?post=113505"}],"curies":[{"name":"wp","href":"https:\/\/api.w.org\/{rel}","templated":true}]}}