{"id":113511,"date":"2023-12-24T10:48:53","date_gmt":"2023-12-24T13:48:53","guid":{"rendered":"https:\/\/corrientesdetarde.com\/?p=113511"},"modified":"2023-12-24T10:49:05","modified_gmt":"2023-12-24T13:49:05","slug":"por-que-telefe-levanta-en-estos-dias-gran-hermano-los-detalles","status":"publish","type":"post","link":"https:\/\/corrientesdetarde.com\/index.php\/espectaculos\/por-que-telefe-levanta-en-estos-dias-gran-hermano-los-detalles\/","title":{"rendered":"\u00bfPor qu\u00e9 Telefe levanta en estos d\u00edas Gran Hermano?: los detalles"},"content":{"rendered":"\n<p>Esta edici\u00f3n del reality no est\u00e1 logrando el mismo \u00e9xito grande del a\u00f1o pasado.<\/p>\n\n\n\n<p><strong>Telefe tom\u00f3 una decisi\u00f3n inesperada respecto de Gran Hermano,<\/strong>&nbsp;en su versi\u00f3n 2023\/24 que sorprendi\u00f3 a todos, en especial a los allegados de los participantes del reality.<\/p>\n\n\n\n<p>Para muchos, m\u00e1s all\u00e1 de las razones atendibles, la medida que toma Telefe tiene que ver con que esta nueva edici\u00f3n de Gran Hermano est\u00e1 promediando alrededor de 13 puntos de rating y<strong>&nbsp;el anterior no bajaba en sus inicios nunca de los 20 puntos.<\/strong><\/p>\n\n\n\n<h2 class=\"wp-block-heading\">Telefe levanta Gran Hermano en las fiestas: \u00bfpor qu\u00e9?<\/h2>\n\n\n\n<figure class=\"wp-block-image size-full\"><img loading=\"lazy\" decoding=\"async\" width=\"779\" height=\"474\" src=\"https:\/\/corrientesdetarde.com\/wp-content\/uploads\/2023\/12\/image-601.png\" alt=\"\" class=\"wp-image-113512\" srcset=\"https:\/\/corrientesdetarde.com\/wp-content\/uploads\/2023\/12\/image-601.png 779w, https:\/\/corrientesdetarde.com\/wp-content\/uploads\/2023\/12\/image-601-300x183.png 300w, https:\/\/corrientesdetarde.com\/wp-content\/uploads\/2023\/12\/image-601-768x467.png 768w\" sizes=\"auto, (max-width: 779px) 100vw, 779px\" \/><\/figure>\n\n\n\n<p><strong>En Nochebuena, que cae domingo<\/strong>&nbsp;y habitualmente ese es el d\u00eda de la semana donde hay gala de eliminaci\u00f3n, no habr\u00e1 Gran Hermano.&nbsp;<\/p>\n\n\n\n<p>La sorpresa es que la gala de eliminaci\u00f3n ser\u00e1 en un d\u00eda festivo,<strong>&nbsp;el lunes 25 de diciembre por la noche.<\/strong><\/p>\n\n\n\n<p>De esta manera,<strong>&nbsp;el 1\u00b0 de enero tambi\u00e9n habr\u00e1 gala de expulsi\u00f3n&nbsp;<\/strong>-al igual que el lunes 25 de Navidad- dejando a un jugador fuera de la casa en pleno inicio de 2024.<\/p>\n\n\n\n<p>Sin lugar a dudas, esta decisi\u00f3n afecta a la ansiedad de los fan\u00e1ticos, pero es lo m\u00e1s acertado en lo que respecta a audiencia, ya que tanto el 24 por la noche como el 31 de diciembre la gente estar\u00e1 de festejo y, muy probablemente, no le prestar\u00e1 atenci\u00f3n a la grilla televisiva.<\/p>\n\n\n\n<p>Adem\u00e1s, los integrantes de la casa m\u00e1s famosa del pa\u00eds tambi\u00e9n celebrar\u00e1n. De esta manera, habr\u00e1 que esperar un d\u00eda m\u00e1s para ver qui\u00e9n ser\u00e1 el nuevo eliminado del reality.<\/p>\n","protected":false},"excerpt":{"rendered":"<p>Esta edici\u00f3n del reality no est\u00e1 logrando el mismo \u00e9xito grande del a\u00f1o pasado. Telefe tom\u00f3 una decisi\u00f3n inesperada respecto de Gran Hermano,&nbsp;en su versi\u00f3n 2023\/24 que sorprendi\u00f3 a todos,&hellip; <\/p>\n","protected":false},"author":4,"featured_media":113513,"comment_status":"closed","ping_status":"open","sticky":false,"template":"","format":"standard","meta":{"footnotes":""},"categories":[19],"tags":[],"class_list":["post-113511","post","type-post","status-publish","format-standard","has-post-thumbnail","hentry","category-espectaculos"],"_links":{"self":[{"href":"https:\/\/corrientesdetarde.com\/index.php\/wp-json\/wp\/v2\/posts\/113511","targetHints":{"allow":["GET"]}}],"collection":[{"href":"https:\/\/corrientesdetarde.com\/index.php\/wp-json\/wp\/v2\/posts"}],"about":[{"href":"https:\/\/corrientesdetarde.com\/index.php\/wp-json\/wp\/v2\/types\/post"}],"author":[{"embeddable":true,"href":"https:\/\/corrientesdetarde.com\/index.php\/wp-json\/wp\/v2\/users\/4"}],"replies":[{"embeddable":true,"href":"https:\/\/corrientesdetarde.com\/index.php\/wp-json\/wp\/v2\/comments?post=113511"}],"version-history":[{"count":1,"href":"https:\/\/corrientesdetarde.com\/index.php\/wp-json\/wp\/v2\/posts\/113511\/revisions"}],"predecessor-version":[{"id":113514,"href":"https:\/\/corrientesdetarde.com\/index.php\/wp-json\/wp\/v2\/posts\/113511\/revisions\/113514"}],"wp:featuredmedia":[{"embeddable":true,"href":"https:\/\/corrientesdetarde.com\/index.php\/wp-json\/wp\/v2\/media\/113513"}],"wp:attachment":[{"href":"https:\/\/corrientesdetarde.com\/index.php\/wp-json\/wp\/v2\/media?parent=113511"}],"wp:term":[{"taxonomy":"category","embeddable":true,"href":"https:\/\/corrientesdetarde.com\/index.php\/wp-json\/wp\/v2\/categories?post=113511"},{"taxonomy":"post_tag","embeddable":true,"href":"https:\/\/corrientesdetarde.com\/index.php\/wp-json\/wp\/v2\/tags?post=113511"}],"curies":[{"name":"wp","href":"https:\/\/api.w.org\/{rel}","templated":true}]}}