{"id":113516,"date":"2023-12-24T10:51:00","date_gmt":"2023-12-24T13:51:00","guid":{"rendered":"https:\/\/corrientesdetarde.com\/?p=113516"},"modified":"2023-12-24T10:51:04","modified_gmt":"2023-12-24T13:51:04","slug":"al-igual-que-echeverri-santiago-lopez-no-renovaria-su-contrato-con-independiente","status":"publish","type":"post","link":"https:\/\/corrientesdetarde.com\/index.php\/deportes\/al-igual-que-echeverri-santiago-lopez-no-renovaria-su-contrato-con-independiente\/","title":{"rendered":"Al igual que Echeverri, Santiago L\u00f3pez no renovar\u00eda su contrato con Independiente"},"content":{"rendered":"\n<p>El juvenil, que estuvo en el Mundial Sub 17, seguir\u00eda los pasos del &#8220;Diablito&#8221;.<\/p>\n\n\n\n<p>El juvenil de la Selecci\u00f3n argentina Sub 17&nbsp;<strong>Santiago L\u00f3pez no renovar\u00eda su contrato con Independiente<\/strong>&nbsp;y podr\u00eda irse en libertad de acci\u00f3n en diciembre de 2024.<\/p>\n\n\n\n<p>Tras la\u00a0<strong>sorpresiva declaraci\u00f3n de Claudio Echeverri diciendo que no renovar\u00e1 contrato con River<\/strong>, se dio a conocer que Santiago L\u00f3pez tiene complicada su renovaci\u00f3n de contrato con el club de Avellaneda.\u00a0<strong>El mismo es hasta diciembre de 2024 y cuenta con una cl\u00e1usula de rescisi\u00f3n de 15 millones de d\u00f3lares.<\/strong><\/p>\n\n\n\n<p>Desde<strong>&nbsp;la dirigencia del \u201cRojo\u201d le hicieron una oferta al juvenil de 17 a\u00f1os y la misma fue rechazada<\/strong>&nbsp;por la parte del futbolista que, seg\u00fan se pudo saber,&nbsp;<strong>no volvi\u00f3 a recibir un llamado por parte de Independiente y<\/strong>, aparentemente,&nbsp;<strong>se cort\u00f3 el dialogo<\/strong>&nbsp;entre las dos partes.<\/p>\n\n\n\n<p>Asimismo,<strong>&nbsp;Santiago L\u00f3pez est\u00e1 dentro de la n\u00f3mina de Carlos Tevez para viajar a la pretemporada<\/strong>&nbsp;que, en principio, se realizar\u00eda en la ciudad estadounidense de Miami y que hoy estar\u00eda complicada de desarrollarse all\u00ed debido al gasto que eso conlleva.<\/p>\n\n\n\n<p>En Independiente conf\u00edan en poder resolver en lo pronto las negociaciones con el juvenil cordob\u00e9s que es&nbsp;<strong>una de las grandes promesas que tiene el club de Avellaneda y por el cual la gente pide que tenga m\u00e1s rodaje en el primer equipo.&nbsp;<\/strong><\/p>\n","protected":false},"excerpt":{"rendered":"<p>El juvenil, que estuvo en el Mundial Sub 17, seguir\u00eda los pasos del &#8220;Diablito&#8221;. El juvenil de la Selecci\u00f3n argentina Sub 17&nbsp;Santiago L\u00f3pez no renovar\u00eda su contrato con Independiente&nbsp;y podr\u00eda&hellip; <\/p>\n","protected":false},"author":4,"featured_media":113517,"comment_status":"closed","ping_status":"open","sticky":false,"template":"","format":"standard","meta":{"footnotes":""},"categories":[4],"tags":[],"class_list":["post-113516","post","type-post","status-publish","format-standard","has-post-thumbnail","hentry","category-deportes"],"_links":{"self":[{"href":"https:\/\/corrientesdetarde.com\/index.php\/wp-json\/wp\/v2\/posts\/113516","targetHints":{"allow":["GET"]}}],"collection":[{"href":"https:\/\/corrientesdetarde.com\/index.php\/wp-json\/wp\/v2\/posts"}],"about":[{"href":"https:\/\/corrientesdetarde.com\/index.php\/wp-json\/wp\/v2\/types\/post"}],"author":[{"embeddable":true,"href":"https:\/\/corrientesdetarde.com\/index.php\/wp-json\/wp\/v2\/users\/4"}],"replies":[{"embeddable":true,"href":"https:\/\/corrientesdetarde.com\/index.php\/wp-json\/wp\/v2\/comments?post=113516"}],"version-history":[{"count":1,"href":"https:\/\/corrientesdetarde.com\/index.php\/wp-json\/wp\/v2\/posts\/113516\/revisions"}],"predecessor-version":[{"id":113518,"href":"https:\/\/corrientesdetarde.com\/index.php\/wp-json\/wp\/v2\/posts\/113516\/revisions\/113518"}],"wp:featuredmedia":[{"embeddable":true,"href":"https:\/\/corrientesdetarde.com\/index.php\/wp-json\/wp\/v2\/media\/113517"}],"wp:attachment":[{"href":"https:\/\/corrientesdetarde.com\/index.php\/wp-json\/wp\/v2\/media?parent=113516"}],"wp:term":[{"taxonomy":"category","embeddable":true,"href":"https:\/\/corrientesdetarde.com\/index.php\/wp-json\/wp\/v2\/categories?post=113516"},{"taxonomy":"post_tag","embeddable":true,"href":"https:\/\/corrientesdetarde.com\/index.php\/wp-json\/wp\/v2\/tags?post=113516"}],"curies":[{"name":"wp","href":"https:\/\/api.w.org\/{rel}","templated":true}]}}