{"id":113536,"date":"2023-12-24T11:10:50","date_gmt":"2023-12-24T14:10:50","guid":{"rendered":"https:\/\/corrientesdetarde.com\/?p=113536"},"modified":"2023-12-24T14:26:53","modified_gmt":"2023-12-24T17:26:53","slug":"con-multiples-ofertas-las-ferias-de-laciudad-recorren-los-espacios-publicos","status":"publish","type":"post","link":"https:\/\/corrientesdetarde.com\/index.php\/destacados\/con-multiples-ofertas-las-ferias-de-laciudad-recorren-los-espacios-publicos\/","title":{"rendered":"Con m\u00faltiples ofertas, las Ferias de la Ciudad recorren los espacios p\u00fablicos"},"content":{"rendered":"\n<p><em>El programa municipal que acerca ofertas y productos de calidad a distintos sectores se llevar\u00e1 adelante esta semana, hasta el domingo 31 de diciembre inclusive. Los puesteros se instalar\u00e1n en las plazas Torrent, La Cruz, Rep\u00fablica del Per\u00fa, plazoleta Los Inmigrantes, el parque Mitre y el Paseo Arazaty.<\/em><\/p>\n\n\n\n<figure class=\"wp-block-image size-large\"><img loading=\"lazy\" decoding=\"async\" width=\"1024\" height=\"679\" src=\"https:\/\/corrientesdetarde.com\/wp-content\/uploads\/2023\/12\/Captura-de-pantalla-2023-12-24-110847-1024x679.png\" alt=\"\" class=\"wp-image-113537\" srcset=\"https:\/\/corrientesdetarde.com\/wp-content\/uploads\/2023\/12\/Captura-de-pantalla-2023-12-24-110847-1024x679.png 1024w, https:\/\/corrientesdetarde.com\/wp-content\/uploads\/2023\/12\/Captura-de-pantalla-2023-12-24-110847-300x199.png 300w, https:\/\/corrientesdetarde.com\/wp-content\/uploads\/2023\/12\/Captura-de-pantalla-2023-12-24-110847-768x509.png 768w, https:\/\/corrientesdetarde.com\/wp-content\/uploads\/2023\/12\/Captura-de-pantalla-2023-12-24-110847.png 1267w\" sizes=\"auto, (max-width: 1024px) 100vw, 1024px\" \/><\/figure>\n\n\n\n<p>El programa Ferias de la Ciudad, que organiza la Municipalidad de Corrientes, inicia un nuevo recorrido semanal por espacios p\u00fablicos de la ciudad, oportunidad en que renovar\u00e1n su oferta de diferentes tipos de productos a precios convenientes.<br><br>La iniciativa, que es coordinada por la Secretar\u00eda de Desarrollo Econ\u00f3mico municipal, a trav\u00e9s de la Subsecretar\u00eda de Econom\u00eda Social, se llevar\u00e1 adelante de 8 a 13 en lo referente a venta de frutas, verduras, panificados caseros y dulces regionales.<br><br>De acuerdo al cronograma, el recorrido comenzar\u00e1 el martes y mi\u00e9rcoles en la plaza Torrent (San Lorenzo entre Bol\u00edvar y Belgrano). El jueves ser\u00e1 el turno de la plaza La Cruz (Salta y Belgrano).<br><br>Entre tanto, el viernes los feriantes se trasladar\u00e1n a la plaza Rep\u00fablica del Per\u00fa de las Mil Viviendas (avenida Patagonia entre avenida La Paz y avenida Paysand\u00fa); y en plazoleta Los Inmigrantes (Ac Correa Fern\u00e1ndez y avenida Sarmiento) del barrio Ber\u00f3n de Astrada.<br>&nbsp;<br>Mientras que el s\u00e1bado, los puesteros se ubicar\u00e1n en el parque Mitre, en el horario de 8 a 13.<br><br>Ese mismo d\u00eda, de 10 a 22, ofrecer\u00e1n en el Paseo Arazaty, artesan\u00edas, plantas ornamentales, manualidades y gastronom\u00eda. Y el domingo, de 10 a 20, estar\u00e1n presentes en ese mismo lugar.<\/p>\n\n\n\n<figure class=\"wp-block-image size-large\"><img loading=\"lazy\" decoding=\"async\" width=\"1024\" height=\"680\" src=\"https:\/\/corrientesdetarde.com\/wp-content\/uploads\/2023\/12\/Captura-de-pantalla-2023-12-24-110856-1024x680.png\" alt=\"\" class=\"wp-image-113538\" srcset=\"https:\/\/corrientesdetarde.com\/wp-content\/uploads\/2023\/12\/Captura-de-pantalla-2023-12-24-110856-1024x680.png 1024w, https:\/\/corrientesdetarde.com\/wp-content\/uploads\/2023\/12\/Captura-de-pantalla-2023-12-24-110856-300x199.png 300w, https:\/\/corrientesdetarde.com\/wp-content\/uploads\/2023\/12\/Captura-de-pantalla-2023-12-24-110856-768x510.png 768w, https:\/\/corrientesdetarde.com\/wp-content\/uploads\/2023\/12\/Captura-de-pantalla-2023-12-24-110856.png 1265w\" sizes=\"auto, (max-width: 1024px) 100vw, 1024px\" \/><\/figure>\n\n\n\n<p><br><br>CRONOGRAMA SEMANAL<br><br>Martes 26: plaza Torrent<br><br>Mi\u00e9rcoles 27: plaza Torrent<br><br>Jueves 28: plaza La Cruz<br><br>Viernes 29: barrio Mil Viviendas (plaza Rep\u00fablica del Per\u00fa), y barrio Ber\u00f3n de Astrada (plazoleta Los Inmigrantes)<br>&nbsp;<br>S\u00e1bado 30: parque Mitre, de 8 a 13; Paseo Arazaty, de 10 a 22 (plantas ornamentales, gastronom\u00eda, artesan\u00eda y manualidades).<br><br>Domingo 31: de 10 a 20, en el Paseo Arazaty (plantas ornamentales, gastronom\u00eda, artesan\u00eda y manualidades).<\/p>\n\n\n\n<figure class=\"wp-block-image size-full\"><img loading=\"lazy\" decoding=\"async\" width=\"729\" height=\"904\" src=\"https:\/\/corrientesdetarde.com\/wp-content\/uploads\/2023\/12\/Captura-de-pantalla-2023-12-24-110916.png\" alt=\"\" class=\"wp-image-113540\" srcset=\"https:\/\/corrientesdetarde.com\/wp-content\/uploads\/2023\/12\/Captura-de-pantalla-2023-12-24-110916.png 729w, https:\/\/corrientesdetarde.com\/wp-content\/uploads\/2023\/12\/Captura-de-pantalla-2023-12-24-110916-242x300.png 242w\" sizes=\"auto, (max-width: 729px) 100vw, 729px\" \/><\/figure>\n","protected":false},"excerpt":{"rendered":"<p>El programa municipal que acerca ofertas y productos de calidad a distintos sectores se llevar\u00e1 adelante esta semana, hasta el domingo 31 de diciembre inclusive. Los puesteros se instalar\u00e1n en&hellip; <\/p>\n","protected":false},"author":4,"featured_media":113539,"comment_status":"closed","ping_status":"open","sticky":false,"template":"","format":"standard","meta":{"footnotes":""},"categories":[26],"tags":[],"class_list":["post-113536","post","type-post","status-publish","format-standard","has-post-thumbnail","hentry","category-destacados"],"_links":{"self":[{"href":"https:\/\/corrientesdetarde.com\/index.php\/wp-json\/wp\/v2\/posts\/113536","targetHints":{"allow":["GET"]}}],"collection":[{"href":"https:\/\/corrientesdetarde.com\/index.php\/wp-json\/wp\/v2\/posts"}],"about":[{"href":"https:\/\/corrientesdetarde.com\/index.php\/wp-json\/wp\/v2\/types\/post"}],"author":[{"embeddable":true,"href":"https:\/\/corrientesdetarde.com\/index.php\/wp-json\/wp\/v2\/users\/4"}],"replies":[{"embeddable":true,"href":"https:\/\/corrientesdetarde.com\/index.php\/wp-json\/wp\/v2\/comments?post=113536"}],"version-history":[{"count":2,"href":"https:\/\/corrientesdetarde.com\/index.php\/wp-json\/wp\/v2\/posts\/113536\/revisions"}],"predecessor-version":[{"id":113542,"href":"https:\/\/corrientesdetarde.com\/index.php\/wp-json\/wp\/v2\/posts\/113536\/revisions\/113542"}],"wp:featuredmedia":[{"embeddable":true,"href":"https:\/\/corrientesdetarde.com\/index.php\/wp-json\/wp\/v2\/media\/113539"}],"wp:attachment":[{"href":"https:\/\/corrientesdetarde.com\/index.php\/wp-json\/wp\/v2\/media?parent=113536"}],"wp:term":[{"taxonomy":"category","embeddable":true,"href":"https:\/\/corrientesdetarde.com\/index.php\/wp-json\/wp\/v2\/categories?post=113536"},{"taxonomy":"post_tag","embeddable":true,"href":"https:\/\/corrientesdetarde.com\/index.php\/wp-json\/wp\/v2\/tags?post=113536"}],"curies":[{"name":"wp","href":"https:\/\/api.w.org\/{rel}","templated":true}]}}