{"id":113543,"date":"2023-12-24T11:14:16","date_gmt":"2023-12-24T14:14:16","guid":{"rendered":"https:\/\/corrientesdetarde.com\/?p=113543"},"modified":"2023-12-24T11:15:01","modified_gmt":"2023-12-24T14:15:01","slug":"pora-el-nuevo-yaguarete-que-se-suma-al-ibera","status":"publish","type":"post","link":"https:\/\/corrientesdetarde.com\/index.php\/sociales\/pora-el-nuevo-yaguarete-que-se-suma-al-ibera\/","title":{"rendered":"Por\u00e3: el nuevo yaguaret\u00e9 que se suma al Iber\u00e1"},"content":{"rendered":"\n<p>Un macho de seis a\u00f1os nacido y criado en la Asociaci\u00f3n Mata Ciliar, en San Pablo, (Brasil) arrib\u00f3 a Argentina y en los pr\u00f3ximos d\u00edas se sumar\u00e1 a la gran familia de felinos que habita en el Parque Iber\u00e1 de Corrientes.<\/p>\n\n\n\n<p>En las \u00faltimas horas desde la Fundaci\u00f3n Rewilding Argentina dieron a conocer que Por\u00e3, un yaguaret\u00e9 macho de unos seis a\u00f1os, nacido y criado en la Asociaci\u00f3n Mata Ciliar, en San Pablo, (Brasil) se suma al Iber\u00e1.<\/p>\n\n\n\n<p>Este macho que fue criado dentro de un programa para la conservaci\u00f3n de nueves especies de felinos brasile\u00f1os, entre ellos del yaguaret\u00e9 arrib\u00f3 a Argentina para tambi\u00e9n ser protagonista de la recuperaci\u00f3n de su especie en el Parque Iber\u00e1 (Corrientes).<\/p>\n\n\n\n<p>As\u00ed tras un viaje de casi 2.000 kil\u00f3metros, Por\u00e3 arrib\u00f3 recientemente a las instalaciones de cuarentena, donde los especialistas se aseguraron de que cumpla todos los requisitos sanitarios antes de ser trasladado finalmente al Iber\u00e1.<\/p>\n\n\n\n<p>&#8220;La colaboraci\u00f3n internacional fue un factor determinante para la recuperaci\u00f3n del yaguaret\u00e9 en Corrientes&#8221;, aseguraron desde Rewilding Argentina y recordaron que en los \u00faltimos a\u00f1os los yaguaret\u00e9s que llegaron a la provincia provinieron desde Brasil, Paraguay y Uruguay.<\/p>\n\n\n\n<p>&#8220;Hoy la poblaci\u00f3n reintroducida en el gran humedal correntino ya representa el 10% de la especie de yaguaret\u00e9s de todo el pa\u00eds&#8221;, remarcaron.<\/p>\n\n\n\n<p>A su vez, dijeron que con la incorporaci\u00f3n de la Asociaci\u00f3n Mata Ciliar al proyecto de reintroducci\u00f3n en Iber\u00e1, crecen las alianzas internacionales por la conservaci\u00f3n del gran felino americano.<\/p>\n\n\n\n<h2 class=\"wp-block-heading\">Acciones en el Iber\u00e1<\/h2>\n\n\n\n<p>Cabe recordar que tras 70 a\u00f1os de ausencia, el yaguaret\u00e9 volvi\u00f3 a formar parte del h\u00e1bitat natural de la provincia de Corrientes, tras la liberaci\u00f3n de tres ejemplares, Mariua y sus cachorros Karai y Por\u00e3, en enero de 2021.<\/p>\n\n\n\n<p>El proceso se ampli\u00f3 en abril con la reintroducci\u00f3n de otros tres ejemplares, Juruna y sus cachorros <em>Sagua<\/em>&#8216;<em>a y Soso<\/em>.<\/p>\n\n\n\n<p>Es preciso mencionar que la acci\u00f3n se logr\u00f3 gracias al trabajo del Centro de Reintroducci\u00f3n de Yaguaret\u00e9, un espacio ubicado en el Parque Nacional Iber\u00e1, con el fin de generar ejemplares que luego puedan ser liberados, ya sean animales de origen silvestre y rehabilitados, o bien cachorros nacidos en el centro a partir de padres provenientes de cautiverio.<\/p>\n","protected":false},"excerpt":{"rendered":"<p>Un macho de seis a\u00f1os nacido y criado en la Asociaci\u00f3n Mata Ciliar, en San Pablo, (Brasil) arrib\u00f3 a Argentina y en los pr\u00f3ximos d\u00edas se sumar\u00e1 a la gran&hellip; <\/p>\n","protected":false},"author":4,"featured_media":113544,"comment_status":"closed","ping_status":"open","sticky":false,"template":"","format":"standard","meta":{"footnotes":""},"categories":[17],"tags":[],"class_list":["post-113543","post","type-post","status-publish","format-standard","has-post-thumbnail","hentry","category-sociales"],"_links":{"self":[{"href":"https:\/\/corrientesdetarde.com\/index.php\/wp-json\/wp\/v2\/posts\/113543","targetHints":{"allow":["GET"]}}],"collection":[{"href":"https:\/\/corrientesdetarde.com\/index.php\/wp-json\/wp\/v2\/posts"}],"about":[{"href":"https:\/\/corrientesdetarde.com\/index.php\/wp-json\/wp\/v2\/types\/post"}],"author":[{"embeddable":true,"href":"https:\/\/corrientesdetarde.com\/index.php\/wp-json\/wp\/v2\/users\/4"}],"replies":[{"embeddable":true,"href":"https:\/\/corrientesdetarde.com\/index.php\/wp-json\/wp\/v2\/comments?post=113543"}],"version-history":[{"count":2,"href":"https:\/\/corrientesdetarde.com\/index.php\/wp-json\/wp\/v2\/posts\/113543\/revisions"}],"predecessor-version":[{"id":113546,"href":"https:\/\/corrientesdetarde.com\/index.php\/wp-json\/wp\/v2\/posts\/113543\/revisions\/113546"}],"wp:featuredmedia":[{"embeddable":true,"href":"https:\/\/corrientesdetarde.com\/index.php\/wp-json\/wp\/v2\/media\/113544"}],"wp:attachment":[{"href":"https:\/\/corrientesdetarde.com\/index.php\/wp-json\/wp\/v2\/media?parent=113543"}],"wp:term":[{"taxonomy":"category","embeddable":true,"href":"https:\/\/corrientesdetarde.com\/index.php\/wp-json\/wp\/v2\/categories?post=113543"},{"taxonomy":"post_tag","embeddable":true,"href":"https:\/\/corrientesdetarde.com\/index.php\/wp-json\/wp\/v2\/tags?post=113543"}],"curies":[{"name":"wp","href":"https:\/\/api.w.org\/{rel}","templated":true}]}}