{"id":113552,"date":"2023-12-24T11:22:45","date_gmt":"2023-12-24T14:22:45","guid":{"rendered":"https:\/\/corrientesdetarde.com\/?p=113552"},"modified":"2023-12-24T11:22:49","modified_gmt":"2023-12-24T14:22:49","slug":"salud-publica-comunica-que-se-encuentran-habilitadas-las-tarjetas-mbarete-y-mama-mbarete-13","status":"publish","type":"post","link":"https:\/\/corrientesdetarde.com\/index.php\/sociales\/salud-publica-comunica-que-se-encuentran-habilitadas-las-tarjetas-mbarete-y-mama-mbarete-13\/","title":{"rendered":"Salud P\u00fablica comunica que se encuentran habilitadas las tarjetas Mbaret\u00e9 y Mam\u00e1 Mbaret\u00e9"},"content":{"rendered":"\n<p>El Gobierno provincial, a trav\u00e9s del Ministerio de Salud P\u00fablica, a cargo de Ricardo Cardozo, comunica que las tarjetas Mbaret\u00e9 y Mam\u00e1 Mbaret\u00e9 se encuentran habilitadas desde el 22 de diciembre hasta el 15 de enero de 2024 inclusive, para ser utilizadas por los beneficiarios de las mismas.<\/p>\n\n\n\n<p>La tarjeta Mbaret\u00e9 permite a los beneficiarios la compra de medicamentos sin cargo en la red de farmacias adheridas, con un l\u00edmite de monto autorizado de $3.000. Este beneficio alcanza a las personas empadronadas que se encuentran en situaci\u00f3n de vulnerabilidad, que no cuentan con cobertura social, y que est\u00e1n domiciliadas en jurisdicci\u00f3n de la provincia de Corrientes.<\/p>\n\n\n\n<p>En tanto, la tarjeta Mam\u00e1 Mbaret\u00e9 est\u00e1 destinada a embarazadas con cobertura p\u00fablica exclusiva para la compra de alimentos espec\u00edficos en comercios adheridos, por un importe de $7.000.<\/p>\n\n\n\n<p>\u00a0Uno de los objetivos principales es garantizar los controles prenatales, efectuados en los Centros de Atenci\u00f3n Primaria de la Salud y en los hospitales de la provincia, y brindar una mejor alimentaci\u00f3n durante el embarazo.<\/p>\n\n\n\n<figure class=\"wp-block-image size-full\"><img loading=\"lazy\" decoding=\"async\" width=\"719\" height=\"899\" src=\"https:\/\/corrientesdetarde.com\/wp-content\/uploads\/2023\/12\/image-602.png\" alt=\"\" class=\"wp-image-113553\" srcset=\"https:\/\/corrientesdetarde.com\/wp-content\/uploads\/2023\/12\/image-602.png 719w, https:\/\/corrientesdetarde.com\/wp-content\/uploads\/2023\/12\/image-602-240x300.png 240w\" sizes=\"auto, (max-width: 719px) 100vw, 719px\" \/><\/figure>\n","protected":false},"excerpt":{"rendered":"<p>El Gobierno provincial, a trav\u00e9s del Ministerio de Salud P\u00fablica, a cargo de Ricardo Cardozo, comunica que las tarjetas Mbaret\u00e9 y Mam\u00e1 Mbaret\u00e9 se encuentran habilitadas desde el 22 de&hellip; <\/p>\n","protected":false},"author":4,"featured_media":113554,"comment_status":"closed","ping_status":"open","sticky":false,"template":"","format":"standard","meta":{"footnotes":""},"categories":[17],"tags":[],"class_list":["post-113552","post","type-post","status-publish","format-standard","has-post-thumbnail","hentry","category-sociales"],"_links":{"self":[{"href":"https:\/\/corrientesdetarde.com\/index.php\/wp-json\/wp\/v2\/posts\/113552","targetHints":{"allow":["GET"]}}],"collection":[{"href":"https:\/\/corrientesdetarde.com\/index.php\/wp-json\/wp\/v2\/posts"}],"about":[{"href":"https:\/\/corrientesdetarde.com\/index.php\/wp-json\/wp\/v2\/types\/post"}],"author":[{"embeddable":true,"href":"https:\/\/corrientesdetarde.com\/index.php\/wp-json\/wp\/v2\/users\/4"}],"replies":[{"embeddable":true,"href":"https:\/\/corrientesdetarde.com\/index.php\/wp-json\/wp\/v2\/comments?post=113552"}],"version-history":[{"count":1,"href":"https:\/\/corrientesdetarde.com\/index.php\/wp-json\/wp\/v2\/posts\/113552\/revisions"}],"predecessor-version":[{"id":113555,"href":"https:\/\/corrientesdetarde.com\/index.php\/wp-json\/wp\/v2\/posts\/113552\/revisions\/113555"}],"wp:featuredmedia":[{"embeddable":true,"href":"https:\/\/corrientesdetarde.com\/index.php\/wp-json\/wp\/v2\/media\/113554"}],"wp:attachment":[{"href":"https:\/\/corrientesdetarde.com\/index.php\/wp-json\/wp\/v2\/media?parent=113552"}],"wp:term":[{"taxonomy":"category","embeddable":true,"href":"https:\/\/corrientesdetarde.com\/index.php\/wp-json\/wp\/v2\/categories?post=113552"},{"taxonomy":"post_tag","embeddable":true,"href":"https:\/\/corrientesdetarde.com\/index.php\/wp-json\/wp\/v2\/tags?post=113552"}],"curies":[{"name":"wp","href":"https:\/\/api.w.org\/{rel}","templated":true}]}}