{"id":113626,"date":"2023-12-24T21:29:00","date_gmt":"2023-12-25T00:29:00","guid":{"rendered":"https:\/\/corrientesdetarde.com\/?p=113626"},"modified":"2023-12-24T21:29:05","modified_gmt":"2023-12-25T00:29:05","slug":"un-apunalado-y-tres-detenidos-en-una-pelea","status":"publish","type":"post","link":"https:\/\/corrientesdetarde.com\/index.php\/policiales\/un-apunalado-y-tres-detenidos-en-una-pelea\/","title":{"rendered":"Un apu\u00f1alado y tres detenidos en una pelea."},"content":{"rendered":"\n<h2 class=\"wp-block-heading\">En v\u00edsperas a la navidas, la polic\u00eda debi\u00f3 intervenir en un sector ubicado sobre calle C\u00f3rdoba, en el barrio San Ram\u00f3n Sur de la ciudad de Monte Caseros, en un conflicto que, seg\u00fan testigos, se inici\u00f3 debido al disparo efectuado a un ni\u00f1o.<\/h2>\n\n\n\n<p>A ra\u00edz de ello, &nbsp;desencaden\u00f3 una pelea con un arma blanca produciendo el corte en el lateral derecho del t\u00f3rax en una persona masculina de 34 a\u00f1os. &nbsp;<\/p>\n\n\n\n<p>A su vez deriv\u00f3 en un conflicto generalizado en el que se incluyeron disparos de armas de fuego.&nbsp;<\/p>\n\n\n\n<p>La intervenci\u00f3n policial puso fin a los desmanes y detuvieron a tres personas, mientras que una huy\u00f3 del lugar.<\/p>\n\n\n\n<p><em>Fuente: Radio Mega 95.3Mhz<\/em><\/p>\n","protected":false},"excerpt":{"rendered":"<p>En v\u00edsperas a la navidas, la polic\u00eda debi\u00f3 intervenir en un sector ubicado sobre calle C\u00f3rdoba, en el barrio San Ram\u00f3n Sur de la ciudad de Monte Caseros, en un&hellip; <\/p>\n","protected":false},"author":6,"featured_media":113633,"comment_status":"closed","ping_status":"open","sticky":false,"template":"","format":"standard","meta":{"footnotes":""},"categories":[33],"tags":[],"class_list":["post-113626","post","type-post","status-publish","format-standard","has-post-thumbnail","hentry","category-policiales"],"_links":{"self":[{"href":"https:\/\/corrientesdetarde.com\/index.php\/wp-json\/wp\/v2\/posts\/113626","targetHints":{"allow":["GET"]}}],"collection":[{"href":"https:\/\/corrientesdetarde.com\/index.php\/wp-json\/wp\/v2\/posts"}],"about":[{"href":"https:\/\/corrientesdetarde.com\/index.php\/wp-json\/wp\/v2\/types\/post"}],"author":[{"embeddable":true,"href":"https:\/\/corrientesdetarde.com\/index.php\/wp-json\/wp\/v2\/users\/6"}],"replies":[{"embeddable":true,"href":"https:\/\/corrientesdetarde.com\/index.php\/wp-json\/wp\/v2\/comments?post=113626"}],"version-history":[{"count":1,"href":"https:\/\/corrientesdetarde.com\/index.php\/wp-json\/wp\/v2\/posts\/113626\/revisions"}],"predecessor-version":[{"id":113634,"href":"https:\/\/corrientesdetarde.com\/index.php\/wp-json\/wp\/v2\/posts\/113626\/revisions\/113634"}],"wp:featuredmedia":[{"embeddable":true,"href":"https:\/\/corrientesdetarde.com\/index.php\/wp-json\/wp\/v2\/media\/113633"}],"wp:attachment":[{"href":"https:\/\/corrientesdetarde.com\/index.php\/wp-json\/wp\/v2\/media?parent=113626"}],"wp:term":[{"taxonomy":"category","embeddable":true,"href":"https:\/\/corrientesdetarde.com\/index.php\/wp-json\/wp\/v2\/categories?post=113626"},{"taxonomy":"post_tag","embeddable":true,"href":"https:\/\/corrientesdetarde.com\/index.php\/wp-json\/wp\/v2\/tags?post=113626"}],"curies":[{"name":"wp","href":"https:\/\/api.w.org\/{rel}","templated":true}]}}