{"id":113628,"date":"2023-12-24T21:25:26","date_gmt":"2023-12-25T00:25:26","guid":{"rendered":"https:\/\/corrientesdetarde.com\/?p=113628"},"modified":"2023-12-24T21:25:30","modified_gmt":"2023-12-25T00:25:30","slug":"la-navidad-de-wanda-nara-y-su-familia-en-estambul","status":"publish","type":"post","link":"https:\/\/corrientesdetarde.com\/index.php\/espectaculos\/la-navidad-de-wanda-nara-y-su-familia-en-estambul\/","title":{"rendered":"La Navidad de Wanda Nara y su familia en Estambul."},"content":{"rendered":"\n<h2 class=\"wp-block-heading\">A menos de 24 horas de consagrarse en el Bailando de Italia, la empresaria se reuni\u00f3 con los suyos en la ciudad turca para celebrar la Nochebuena.<\/h2>\n\n\n\n<p>El s\u00e1bado por la noche, Wanda Nara sum\u00f3 un nuevo hito, uno de los m\u00e1s importantes, a su variopinta carrera en el mundo del espect\u00e1culo. La empresaria argentina\u00a0se consagr\u00f3 en Roma en\u00a0<em><strong>Ballando con le stelle<\/strong><\/em>, el big show de la RAI similar al\u00a0<em>Bailando por un sue\u00f1o<\/em>. Junto a supartenaire,\u00a0<strong>Pasquale La Rocca<\/strong>, la medi\u00e1tica levant\u00f3 el trofeo del programa y se consagr\u00f3 como una de las figuras de la televisi\u00f3n italiana. Envueltos en una lluvia de papeles dorados, la pareja celebr\u00f3 el t\u00edtulo, mientras de fondo sonaba \u201cWe Are the Champions\u201d, de Queen, banda de sonido obligada para cualquier festejo.<\/p>\n\n\n\n<p>\u201cUn final incre\u00edble en un pa\u00eds que amo Italia. Realizar siete coreograf\u00edas en una noche donde empezar a bailar un Tango Argentino le dio una emoci\u00f3n especial a todo. Los amo, gracias por cuidar de m\u00ed. Adi\u00f3s Roma\u201d, dijo la conductora en su emotivo discurso post t\u00edtulo. Y a menos de 24 horas de consagrarse en la televisi\u00f3n italiana, ya estaba en Estambul, donde la esperaba su marido Mauro Icardi con sus cinco hijos: Francesca e Isabella, los que tuvo con el delantero del Galatasaray, y<strong>&nbsp;Valentino, Benedicto y Constantino<\/strong>, de su relaci\u00f3n con<strong>&nbsp;Maxi L\u00f3pez<\/strong>.<\/p>\n\n\n\n<p><img loading=\"lazy\" decoding=\"async\" height=\"1080\" width=\"1080\" srcset=\"https:\/\/www.infobae.com\/new-resizer\/8JZR1eKM-al9DggkNc-IBBoqsiY=\/420x420\/filters:format(webp):quality(85)\/cloudfront-us-east-1.images.arcpublishing.com\/infobae\/NAXKYHJLF5DHHPICLRFJ2ITR4U.jpg 420w,https:\/\/www.infobae.com\/new-resizer\/JERSdOCNs0_kiIBIKkLbx56uoTE=\/768x768\/filters:format(webp):quality(85)\/cloudfront-us-east-1.images.arcpublishing.com\/infobae\/NAXKYHJLF5DHHPICLRFJ2ITR4U.jpg 768w,https:\/\/www.infobae.com\/new-resizer\/vD2ME9skB2oL7eCNBzOrTNDnLRY=\/992x992\/filters:format(webp):quality(85)\/cloudfront-us-east-1.images.arcpublishing.com\/infobae\/NAXKYHJLF5DHHPICLRFJ2ITR4U.jpg 992w,https:\/\/www.infobae.com\/new-resizer\/GVcPROtut-CHjjnneMri5XZ2uJc=\/1200x1200\/filters:format(webp):quality(85)\/cloudfront-us-east-1.images.arcpublishing.com\/infobae\/NAXKYHJLF5DHHPICLRFJ2ITR4U.jpg 1200w,https:\/\/www.infobae.com\/new-resizer\/n63uawJuhKNWIp4N5vMZSBFPPpM=\/1440x1440\/filters:format(webp):quality(85)\/cloudfront-us-east-1.images.arcpublishing.com\/infobae\/NAXKYHJLF5DHHPICLRFJ2ITR4U.jpg 1440w\" src=\"https:\/\/www.infobae.com\/new-resizer\/8JZR1eKM-al9DggkNc-IBBoqsiY=\/420x420\/filters:format(webp):quality(85)\/cloudfront-us-east-1.images.arcpublishing.com\/infobae\/NAXKYHJLF5DHHPICLRFJ2ITR4U.jpg%20420w\" alt=\"La decoraci\u00f3n a tono en la casa de Wanda y Mauro en Estambul\">La decoraci\u00f3n a tono en la casa de Wanda y Mauro en Estambul<\/p>\n\n\n\n<p>Este a\u00f1o, la medi\u00e1tica y su familia pasan las fiestas en la ciudad turca, en una alteraci\u00f3n a su habitual cronograma. A pesar de vivir en Europa hace m\u00e1s de 15 a\u00f1os, Wanda suele pasar esta parte del a\u00f1o en Argentina. Sin embargo, sus compromisos televisivos, sumados a los deportivos de su marido que este s\u00e1bado jug\u00f3 con su equipo, los obligaron a estar lejos de casa. Y vaya si vali\u00f3 la pena.<\/p>\n\n\n\n<p>Despu\u00e9s de subir contenido de todo tipo junto al inmenso trofeo que obtuvo en la RAI, Wanda comparti\u00f3 con sus seguidores la intimidad de su hogar en Turqu\u00eda. Lo hizo con una serie de fotograf\u00edas -sola con Mauro, con la familia ensamblada, con la larga mesa de invitados, con los manjares que degustaron- y apunt\u00f3 los augurios para lo que se viene.&nbsp;<strong>\u201cFeliz Navidad para todos. Les deseamos desde Estambul, Salud Paz y mucho Amor\u201d<\/strong>, escribi\u00f3 en una publicaci\u00f3n conjunta con el futbolista, dejando de esta manera atr\u00e1s otro a\u00f1o turbulento, en el que coquetearon con la separaci\u00f3n, pero parecen terminarlo de la mejor manera.<\/p>\n\n\n\n<p><img loading=\"lazy\" decoding=\"async\" height=\"636\" width=\"1001\" srcset=\"https:\/\/www.infobae.com\/new-resizer\/BrVgpQMqFCl5FdGauASEwFim44M=\/992x606\/filters:format(webp):quality(85)\/cloudfront-us-east-1.images.arcpublishing.com\/infobae\/WGO2XUTBHNHNXN3HHVT7AUSKDQ.jpg 992w\" src=\"https:\/\/www.infobae.com\/new-resizer\/BrVgpQMqFCl5FdGauASEwFim44M=\/992x606\/filters:format(webp):quality(85)\/cloudfront-us-east-1.images.arcpublishing.com\/infobae\/WGO2XUTBHNHNXN3HHVT7AUSKDQ.jpg%20992w\" alt=\"La foto de Wanda y Mauro que gener\u00f3 sorpresa entre sus seguidores (Instagram)\">La foto de Wanda y Mauro que gener\u00f3 sorpresa entre sus seguidores (Instagram)<\/p>\n\n\n\n<p>Pero m\u00e1s all\u00e1 de la imponente decoraci\u00f3n navide\u00f1a, de la presencia de su madre Nora Colosimo y de los llamativos outfits que lucieron para la Nochebuena -pijamas de adultos y de ni\u00f1os en vez de atuendos m\u00e1s formales o de fiesta-\u00a0<strong>lo que destacaron los seguidores de Wanda fue un detalle en el ojo derecho de Icardi.\u00a0<\/strong>Es que\u00a0la medi\u00e1tica sufri\u00f3 un percance en el certamen de baile, y producto de la ca\u00edda, tuvo un golpe que le dej\u00f3 el \u201cojo morado\u201d, como se conoce popularmente a esa lesi\u00f3n en el \u00f3rgano visual.<\/p>\n\n\n\n<p>Al notar el mismo aspecto en el rostro del futbolista, muchos se preguntaron qu\u00e9 le hab\u00eda ocurrido. Y aunque bien pudo haberse golpeado en una acci\u00f3n propia del f\u00fatbol, Mauro se maquill\u00f3 la zona para estar a tono con su esposa. Una manera simb\u00f3lica de acompa\u00f1arla y de elogiar su capacidad de superaci\u00f3n. Que tuvo otra muestra el s\u00e1bado por la noche, en el&nbsp;<em>plat\u00f3<\/em>&nbsp;de la RAI y ante los ojos del mundo.<\/p>\n\n\n\n<p><img loading=\"lazy\" decoding=\"async\" height=\"1080\" width=\"1080\" srcset=\"https:\/\/www.infobae.com\/new-resizer\/hJeV_5L1TsP7P-0Ez6svvgFNwPw=\/420x420\/filters:format(webp):quality(85)\/cloudfront-us-east-1.images.arcpublishing.com\/infobae\/TA5P5PU5RJHPZEPXJK3J6EI624.jpg 420w,https:\/\/www.infobae.com\/new-resizer\/IyZTR7KokGgu5ztHgHN_Nl-jMzg=\/768x768\/filters:format(webp):quality(85)\/cloudfront-us-east-1.images.arcpublishing.com\/infobae\/TA5P5PU5RJHPZEPXJK3J6EI624.jpg 768w,https:\/\/www.infobae.com\/new-resizer\/oPMhfGJDF5HCZkjzTR76alHRzi0=\/992x992\/filters:format(webp):quality(85)\/cloudfront-us-east-1.images.arcpublishing.com\/infobae\/TA5P5PU5RJHPZEPXJK3J6EI624.jpg 992w,https:\/\/www.infobae.com\/new-resizer\/fC5XQCiRNf5ZGEvhXE1tpVwHrEY=\/1200x1200\/filters:format(webp):quality(85)\/cloudfront-us-east-1.images.arcpublishing.com\/infobae\/TA5P5PU5RJHPZEPXJK3J6EI624.jpg 1200w,https:\/\/www.infobae.com\/new-resizer\/8B9zCK5glV9VFXJKL1eHfju7UsE=\/1440x1440\/filters:format(webp):quality(85)\/cloudfront-us-east-1.images.arcpublishing.com\/infobae\/TA5P5PU5RJHPZEPXJK3J6EI624.jpg 1440w\" src=\"https:\/\/www.infobae.com\/new-resizer\/hJeV_5L1TsP7P-0Ez6svvgFNwPw=\/420x420\/filters:format(webp):quality(85)\/cloudfront-us-east-1.images.arcpublishing.com\/infobae\/TA5P5PU5RJHPZEPXJK3J6EI624.jpg%20420w\" alt=\"La mesa familiar, con Nora Colosimo, la madre de Wanda\">La mesa familiar, con Nora Colosimo, la madre de Wanda<\/p>\n\n\n\n<p><\/p>\n\n\n\n<p><em>Fuente: Infobae.<\/em><\/p>\n\n\n\n<p><a rel=\"noreferrer noopener\" href=\"https:\/\/www.infobae.com\/teleshow\/2023\/12\/23\/la-emotiva-convocatoria-de-wanda-nara-antes-de-la-final-del-bailando-de-italia-necesito-que-lo-consigamos\/\" target=\"_blank\"><\/a><\/p>\n","protected":false},"excerpt":{"rendered":"<p>A menos de 24 horas de consagrarse en el Bailando de Italia, la empresaria se reuni\u00f3 con los suyos en la ciudad turca para celebrar la Nochebuena. El s\u00e1bado por&hellip; <\/p>\n","protected":false},"author":6,"featured_media":113629,"comment_status":"closed","ping_status":"open","sticky":false,"template":"","format":"standard","meta":{"footnotes":""},"categories":[19],"tags":[],"class_list":["post-113628","post","type-post","status-publish","format-standard","has-post-thumbnail","hentry","category-espectaculos"],"_links":{"self":[{"href":"https:\/\/corrientesdetarde.com\/index.php\/wp-json\/wp\/v2\/posts\/113628","targetHints":{"allow":["GET"]}}],"collection":[{"href":"https:\/\/corrientesdetarde.com\/index.php\/wp-json\/wp\/v2\/posts"}],"about":[{"href":"https:\/\/corrientesdetarde.com\/index.php\/wp-json\/wp\/v2\/types\/post"}],"author":[{"embeddable":true,"href":"https:\/\/corrientesdetarde.com\/index.php\/wp-json\/wp\/v2\/users\/6"}],"replies":[{"embeddable":true,"href":"https:\/\/corrientesdetarde.com\/index.php\/wp-json\/wp\/v2\/comments?post=113628"}],"version-history":[{"count":1,"href":"https:\/\/corrientesdetarde.com\/index.php\/wp-json\/wp\/v2\/posts\/113628\/revisions"}],"predecessor-version":[{"id":113630,"href":"https:\/\/corrientesdetarde.com\/index.php\/wp-json\/wp\/v2\/posts\/113628\/revisions\/113630"}],"wp:featuredmedia":[{"embeddable":true,"href":"https:\/\/corrientesdetarde.com\/index.php\/wp-json\/wp\/v2\/media\/113629"}],"wp:attachment":[{"href":"https:\/\/corrientesdetarde.com\/index.php\/wp-json\/wp\/v2\/media?parent=113628"}],"wp:term":[{"taxonomy":"category","embeddable":true,"href":"https:\/\/corrientesdetarde.com\/index.php\/wp-json\/wp\/v2\/categories?post=113628"},{"taxonomy":"post_tag","embeddable":true,"href":"https:\/\/corrientesdetarde.com\/index.php\/wp-json\/wp\/v2\/tags?post=113628"}],"curies":[{"name":"wp","href":"https:\/\/api.w.org\/{rel}","templated":true}]}}