{"id":113635,"date":"2023-12-24T21:34:39","date_gmt":"2023-12-25T00:34:39","guid":{"rendered":"https:\/\/corrientesdetarde.com\/?p=113635"},"modified":"2023-12-24T21:34:51","modified_gmt":"2023-12-25T00:34:51","slug":"cuando-vuelve-a-jugar-mandiyu-por-el-torneo-regional","status":"publish","type":"post","link":"https:\/\/corrientesdetarde.com\/index.php\/deportes\/cuando-vuelve-a-jugar-mandiyu-por-el-torneo-regional\/","title":{"rendered":"Cu\u00e1ndo vuelve a jugar Mandiy\u00fa por el Torneo Regional."},"content":{"rendered":"\n<h2 class=\"wp-block-heading\"><\/h2>\n\n\n\n<p>Deportivo Mandiy\u00fa volver\u00e1 a competir por el Torneo Regional Federal Amateur el pr\u00f3ximo 6 de enero cuando reciba a Defensores de Formosa.<\/p>\n\n\n\n<p>iDcho encuentro ser\u00e1 v\u00e1lido a la ida de los octavos del final correspondiente a una de las llaves de la Regi\u00f3n Litoral Norte.<\/p>\n\n\n\n<p>La revancha, en tanto, se disputar\u00e1 el mi\u00e9rcoles de 10 de enero en la ciudad de Formosa.<\/p>\n\n\n\n<p>El Albo viene de avanzar de ronda tras dejar en el camino a Juventud de Tirol, en definici\u00f3n por penales. Mientras que Defensores elimin\u00f3 a Atl\u00e9tico Laguna Blanca.<\/p>\n","protected":false},"excerpt":{"rendered":"<p>Deportivo Mandiy\u00fa volver\u00e1 a competir por el Torneo Regional Federal Amateur el pr\u00f3ximo 6 de enero cuando reciba a Defensores de Formosa. iDcho encuentro ser\u00e1 v\u00e1lido a la ida de&hellip; <\/p>\n","protected":false},"author":6,"featured_media":113642,"comment_status":"closed","ping_status":"open","sticky":false,"template":"","format":"standard","meta":{"footnotes":""},"categories":[4],"tags":[],"class_list":["post-113635","post","type-post","status-publish","format-standard","has-post-thumbnail","hentry","category-deportes"],"_links":{"self":[{"href":"https:\/\/corrientesdetarde.com\/index.php\/wp-json\/wp\/v2\/posts\/113635","targetHints":{"allow":["GET"]}}],"collection":[{"href":"https:\/\/corrientesdetarde.com\/index.php\/wp-json\/wp\/v2\/posts"}],"about":[{"href":"https:\/\/corrientesdetarde.com\/index.php\/wp-json\/wp\/v2\/types\/post"}],"author":[{"embeddable":true,"href":"https:\/\/corrientesdetarde.com\/index.php\/wp-json\/wp\/v2\/users\/6"}],"replies":[{"embeddable":true,"href":"https:\/\/corrientesdetarde.com\/index.php\/wp-json\/wp\/v2\/comments?post=113635"}],"version-history":[{"count":1,"href":"https:\/\/corrientesdetarde.com\/index.php\/wp-json\/wp\/v2\/posts\/113635\/revisions"}],"predecessor-version":[{"id":113643,"href":"https:\/\/corrientesdetarde.com\/index.php\/wp-json\/wp\/v2\/posts\/113635\/revisions\/113643"}],"wp:featuredmedia":[{"embeddable":true,"href":"https:\/\/corrientesdetarde.com\/index.php\/wp-json\/wp\/v2\/media\/113642"}],"wp:attachment":[{"href":"https:\/\/corrientesdetarde.com\/index.php\/wp-json\/wp\/v2\/media?parent=113635"}],"wp:term":[{"taxonomy":"category","embeddable":true,"href":"https:\/\/corrientesdetarde.com\/index.php\/wp-json\/wp\/v2\/categories?post=113635"},{"taxonomy":"post_tag","embeddable":true,"href":"https:\/\/corrientesdetarde.com\/index.php\/wp-json\/wp\/v2\/tags?post=113635"}],"curies":[{"name":"wp","href":"https:\/\/api.w.org\/{rel}","templated":true}]}}