{"id":11369,"date":"2022-10-14T23:51:12","date_gmt":"2022-10-15T02:51:12","guid":{"rendered":"https:\/\/corrientesdetarde.com\/?p=11369"},"modified":"2022-10-14T23:51:15","modified_gmt":"2022-10-15T02:51:15","slug":"de-paul-en-plena-crisis-con-tini-stoessel-le-dijo-a-su-madre","status":"publish","type":"post","link":"https:\/\/corrientesdetarde.com\/index.php\/espectaculos\/de-paul-en-plena-crisis-con-tini-stoessel-le-dijo-a-su-madre\/","title":{"rendered":"De Paul en plena crisis con Tini Stoessel: &#8220;Le dijo a su madre &#8230;&#8221;"},"content":{"rendered":"\n<p>\u00a0<br>En el \u00faltimo tiempo, la relaci\u00f3n entre Rodrigo De Paul y Tini Stoessel estar\u00eda atravesando un momento delicado: seg\u00fan trascendi\u00f3, la pareja ya habr\u00eda decidido separarse y lo comunicar\u00e1n despu\u00e9s del Mundial de Qatar 2022.<br>En Socios del espect\u00e1culo hicieron hincapi\u00e9 en el momento que atraviesa el futbolista y aseguran que la estar\u00eda pasando mal: &#8220;Rodrigo la habr\u00eda llamado a su mam\u00e1 y le habr\u00eda expresado su angustia a consecuencia de no haber sido convocado a un partido con el Atl\u00e9tico de Madrid y posteriormente no fue titular y fue al banco&#8221;, revel\u00f3 Luli Fern\u00e1ndez.<br>\u00a0<br>Y adem\u00e1s agreg\u00f3: &#8220;\u00c9l empez\u00f3 a sentir que se ve\u00eda afectada su carrera por la exposici\u00f3n que ten\u00eda por su romance con Tini Stoessel a semanas del mundial. Habr\u00eda bajado de peso y hay un mont\u00f3n de situaciones que lo habr\u00edan empezado a preocupar&#8221;.<\/p>\n\n\n\n<figure class=\"wp-block-embed is-type-rich is-provider-twitter wp-block-embed-twitter\"><div class=\"wp-block-embed__wrapper\">\n<blockquote class=\"twitter-tweet\" data-width=\"550\" data-dnt=\"true\"><p lang=\"es\" dir=\"ltr\">[TINI Y DE PAUL SEPARADOS] <br>&quot;De Paul habr\u00eda llamado a su mam\u00e1 y le dijo que ya est\u00e1 cansado de toda esta situaci\u00f3n, que el pap\u00e1 de Tini lo llam\u00f3 y que por parte del equipo de Tini le dijeron que esperen a que termine el mundial para anunciar la separaci\u00f3n&quot;, dice <a href=\"https:\/\/twitter.com\/lulifernandezok?ref_src=twsrc%5Etfw\">@lulifernandezok<\/a><\/p>&mdash; Socios del espect\u00e1culo (@socioseltrece) <a href=\"https:\/\/twitter.com\/socioseltrece\/status\/1580225989908406272?ref_src=twsrc%5Etfw\">October 12, 2022<\/a><\/blockquote><script async src=\"https:\/\/platform.twitter.com\/widgets.js\" charset=\"utf-8\"><\/script>\n<\/div><\/figure>\n","protected":false},"excerpt":{"rendered":"<p>\u00a0En el \u00faltimo tiempo, la relaci\u00f3n entre Rodrigo De Paul y Tini Stoessel estar\u00eda atravesando un momento delicado: seg\u00fan trascendi\u00f3, la pareja ya habr\u00eda decidido separarse y lo comunicar\u00e1n despu\u00e9s&hellip; <\/p>\n","protected":false},"author":1,"featured_media":11372,"comment_status":"closed","ping_status":"open","sticky":false,"template":"","format":"standard","meta":{"footnotes":""},"categories":[19],"tags":[],"class_list":["post-11369","post","type-post","status-publish","format-standard","has-post-thumbnail","hentry","category-espectaculos"],"_links":{"self":[{"href":"https:\/\/corrientesdetarde.com\/index.php\/wp-json\/wp\/v2\/posts\/11369","targetHints":{"allow":["GET"]}}],"collection":[{"href":"https:\/\/corrientesdetarde.com\/index.php\/wp-json\/wp\/v2\/posts"}],"about":[{"href":"https:\/\/corrientesdetarde.com\/index.php\/wp-json\/wp\/v2\/types\/post"}],"author":[{"embeddable":true,"href":"https:\/\/corrientesdetarde.com\/index.php\/wp-json\/wp\/v2\/users\/1"}],"replies":[{"embeddable":true,"href":"https:\/\/corrientesdetarde.com\/index.php\/wp-json\/wp\/v2\/comments?post=11369"}],"version-history":[{"count":1,"href":"https:\/\/corrientesdetarde.com\/index.php\/wp-json\/wp\/v2\/posts\/11369\/revisions"}],"predecessor-version":[{"id":11374,"href":"https:\/\/corrientesdetarde.com\/index.php\/wp-json\/wp\/v2\/posts\/11369\/revisions\/11374"}],"wp:featuredmedia":[{"embeddable":true,"href":"https:\/\/corrientesdetarde.com\/index.php\/wp-json\/wp\/v2\/media\/11372"}],"wp:attachment":[{"href":"https:\/\/corrientesdetarde.com\/index.php\/wp-json\/wp\/v2\/media?parent=11369"}],"wp:term":[{"taxonomy":"category","embeddable":true,"href":"https:\/\/corrientesdetarde.com\/index.php\/wp-json\/wp\/v2\/categories?post=11369"},{"taxonomy":"post_tag","embeddable":true,"href":"https:\/\/corrientesdetarde.com\/index.php\/wp-json\/wp\/v2\/tags?post=11369"}],"curies":[{"name":"wp","href":"https:\/\/api.w.org\/{rel}","templated":true}]}}