{"id":113796,"date":"2023-12-26T08:56:18","date_gmt":"2023-12-26T11:56:18","guid":{"rendered":"https:\/\/corrientesdetarde.com\/?p=113796"},"modified":"2023-12-26T09:16:43","modified_gmt":"2023-12-26T12:16:43","slug":"anses-ultimos-dias-para-presentar-la-libreta-auh-y-cobrar-el-20-acumulado-en-el-ano","status":"publish","type":"post","link":"https:\/\/corrientesdetarde.com\/index.php\/sociales\/anses-ultimos-dias-para-presentar-la-libreta-auh-y-cobrar-el-20-acumulado-en-el-ano\/","title":{"rendered":"ANSES: \u00faltimos d\u00edas para presentar la libreta AUH y cobrar el 20% acumulado en el a\u00f1o"},"content":{"rendered":"\n<p>La\u00a0<strong>ANSES\u00a0<\/strong>seguir\u00e1 pagando la\u00a0<strong>AUH\u00a0<\/strong>(Asignaci\u00f3n Universal por Hijo) en 2024, pero antes de que finalice el 2023 quienes perciben esta asistencia pueden cobrar un\u00a0<strong>extra\u00a0<\/strong>si presentan a tiempo la\u00a0<strong>libreta AUH<\/strong>.<\/p>\n\n\n\n<p>La fecha l\u00edmite para presentar la\u00a0<strong>libreta AUH<\/strong>\u00a0es este viernes 29 de diciembre de 2023. En caso de presentar todo en tiempo y forma, se cobra el 20% acumulado del a\u00f1o.<\/p>\n\n\n\n<figure class=\"wp-block-image\"><img decoding=\"async\" src=\"https:\/\/tn.com.ar\/resizer\/6_J-420ecIiHWtss4hqSC5-P2-4=\/767x0\/smart\/filters:format(webp)\/cloudfront-us-east-1.images.arcpublishing.com\/artear\/DYNJPCCLDVFFHCU5APEFGFDVFI.png\" alt=\"ANSES: hasta cu\u00e1ndo pueden cobrar el 20% acumulado del a\u00f1o por la libreta AUH (Foto: ANSES).\"\/><figcaption>ANSES: hasta cu\u00e1ndo pueden cobrar el 20% acumulado del a\u00f1o por la libreta AUH (Foto: ANSES).<\/figcaption><\/figure>\n\n\n\n<h2 class=\"wp-block-heading\">Qu\u00e9 es la libreta AUH<\/h2>\n\n\n\n<p>Todos los a\u00f1os los titulares de la Asignaci\u00f3n Universal por Hijo, tienen que presentar el\u00a0formulario de Libreta\u00a0completo.<\/p>\n\n\n\n<p>De esta manera se verifica la asistencia escolar, el cumplimiento del calendario obligatorio de vacunaci\u00f3n y los controles de salud de los ni\u00f1os y adolescentes que reciben la asignaci\u00f3n.<\/p>\n\n\n\n<p>La presentaci\u00f3n de la Libreta es obligatoria y habilita, adem\u00e1s, a cobrar el&nbsp;<strong>20% del complemento acumulado<\/strong>&nbsp;durante el a\u00f1o anterior.<\/p>\n\n\n\n<p><\/p>\n\n\n\n<h2 class=\"wp-block-heading\">C\u00f3mo realizar el tr\u00e1mite de la libreta AUH<\/h2>\n\n\n\n<ol class=\"wp-block-list\"><li><strong>Descargar el Formulario:<\/strong>&nbsp;Descarg\u00e1 el formulario de la Libreta (PS 1.47) desde la p\u00e1gina oficial de ANSES. Imprim\u00ed el formulario y completa los campos obligatorios, incluyendo tu nombre, apellido, CUIL y datos del domicilio tanto tuyos como de tu hijo. No olvides firmar el formulario.<\/li><li><strong>Completar la Libreta:<\/strong>&nbsp;Dirigite al centro de salud para que completen y firmen el formulario con la informaci\u00f3n correspondiente al a\u00f1o en curso. En el centro de salud, aseg\u00farate de realizar los controles de salud y vacunaci\u00f3n para tus hijos de 0 a 17 a\u00f1os inclusive. Adem\u00e1s, visita la escuela para obtener la firma y datos de escolaridad del ciclo actual si tu hijo tiene entre 5 y 17 a\u00f1os. En el caso de ni\u00f1os de 0 a 4 a\u00f1os, no es obligatorio completar esta secci\u00f3n.<\/li><li><strong>Presentaci\u00f3n en ANSES:<\/strong>&nbsp;Una vez que tengas el formulario de la Libreta completo y con las firmas requeridas, presenta el documento sin necesidad de turno en una oficina de ANSES. Aseg\u00farate de llevar contigo tu Documento Nacional de Identidad (DNI).<\/li><\/ol>\n","protected":false},"excerpt":{"rendered":"<p>La\u00a0ANSES\u00a0seguir\u00e1 pagando la\u00a0AUH\u00a0(Asignaci\u00f3n Universal por Hijo) en 2024, pero antes de que finalice el 2023 quienes perciben esta asistencia pueden cobrar un\u00a0extra\u00a0si presentan a tiempo la\u00a0libreta AUH. La fecha l\u00edmite&hellip; <\/p>\n","protected":false},"author":12,"featured_media":113799,"comment_status":"closed","ping_status":"open","sticky":false,"template":"","format":"standard","meta":{"footnotes":""},"categories":[17],"tags":[],"class_list":["post-113796","post","type-post","status-publish","format-standard","has-post-thumbnail","hentry","category-sociales"],"_links":{"self":[{"href":"https:\/\/corrientesdetarde.com\/index.php\/wp-json\/wp\/v2\/posts\/113796","targetHints":{"allow":["GET"]}}],"collection":[{"href":"https:\/\/corrientesdetarde.com\/index.php\/wp-json\/wp\/v2\/posts"}],"about":[{"href":"https:\/\/corrientesdetarde.com\/index.php\/wp-json\/wp\/v2\/types\/post"}],"author":[{"embeddable":true,"href":"https:\/\/corrientesdetarde.com\/index.php\/wp-json\/wp\/v2\/users\/12"}],"replies":[{"embeddable":true,"href":"https:\/\/corrientesdetarde.com\/index.php\/wp-json\/wp\/v2\/comments?post=113796"}],"version-history":[{"count":2,"href":"https:\/\/corrientesdetarde.com\/index.php\/wp-json\/wp\/v2\/posts\/113796\/revisions"}],"predecessor-version":[{"id":113804,"href":"https:\/\/corrientesdetarde.com\/index.php\/wp-json\/wp\/v2\/posts\/113796\/revisions\/113804"}],"wp:featuredmedia":[{"embeddable":true,"href":"https:\/\/corrientesdetarde.com\/index.php\/wp-json\/wp\/v2\/media\/113799"}],"wp:attachment":[{"href":"https:\/\/corrientesdetarde.com\/index.php\/wp-json\/wp\/v2\/media?parent=113796"}],"wp:term":[{"taxonomy":"category","embeddable":true,"href":"https:\/\/corrientesdetarde.com\/index.php\/wp-json\/wp\/v2\/categories?post=113796"},{"taxonomy":"post_tag","embeddable":true,"href":"https:\/\/corrientesdetarde.com\/index.php\/wp-json\/wp\/v2\/tags?post=113796"}],"curies":[{"name":"wp","href":"https:\/\/api.w.org\/{rel}","templated":true}]}}