{"id":11380,"date":"2022-10-15T08:59:41","date_gmt":"2022-10-15T11:59:41","guid":{"rendered":"https:\/\/corrientesdetarde.com\/?p=11380"},"modified":"2022-10-15T08:59:47","modified_gmt":"2022-10-15T11:59:47","slug":"un-multimillonario-norteamericano-compra-islas-en-la-frontera-entre-uruguay-y-la-argentina-cual-es-su-objetivo","status":"publish","type":"post","link":"https:\/\/corrientesdetarde.com\/index.php\/informacion-general\/un-multimillonario-norteamericano-compra-islas-en-la-frontera-entre-uruguay-y-la-argentina-cual-es-su-objetivo\/","title":{"rendered":"Un multimillonario norteamericano compra islas en la frontera entre Uruguay y la Argentina: \u00bfcu\u00e1l es su objetivo?"},"content":{"rendered":"\n<h2 class=\"wp-block-heading\">Con fines conservacionistas, Gilbert Butler entregar\u00e1 los terrenos al Estado uruguayo y a la provincia de Entre R\u00edos para que sean destinadas al ecoturismo; cu\u00e1les son las islas<\/h2>\n\n\n\n<p>MONTEVIDEO.- A fines del a\u00f1o pasado&nbsp;<strong>hab\u00eda comprado tres islas del lado argentino del r\u00edo Uruguay<\/strong>&nbsp;para donarlas al gobierno de la provincia de&nbsp;<strong>Entre R\u00edos<\/strong>, que constituir\u00e1 all\u00ed un Parque Natural. Ahora, el&nbsp;<strong>multimillonario norteamericano y fil\u00e1ntropo Gilbert Butler&nbsp;<\/strong>anunci\u00f3<strong>&nbsp;<\/strong>la<strong>&nbsp;compra de otras tres islas de lado uruguayo, que tambi\u00e9n ser\u00e1n entregadas a las autoridades nacionales de ese pa\u00eds para destinarlas al ecoturismo y conservaci\u00f3n de la zona.<\/strong><\/p>\n\n\n\n<p>En las tres islas argentinas,\u00a0<strong>Dolores, San Genaro y Campichuelo<\/strong>, junto a las islas\u00a0<strong>Ping\u00fcino, Chala y Basura<\/strong>, del lado uruguayo, se planea formar en los pr\u00f3ximo a\u00f1os el primer\u00a0<strong>Parque Binaciona<\/strong>l.<\/p>\n\n\n\n<p>La ONG Amb\u00e1, que en enero hab\u00eda anunciado las intenciones de compra y donaci\u00f3n del magnate, que naveg\u00f3 entonces por el r\u00edo Uruguay junto al presidente&nbsp;<strong>Luis Lacalle Pou<\/strong>, confirm\u00f3 ayer&nbsp;<strong>la adquisici\u00f3n realizada el mi\u00e9rcoles de tres islas privadas que forman parte del Parque Nacional Esteros de Farrapos,&nbsp;<\/strong>en el marco del Proyecto Islas y Canales Verdes del R\u00edo Uruguay.<\/p>\n\n\n\n<figure class=\"wp-block-image\"><img decoding=\"async\" src=\"https:\/\/resizer.glanacion.com\/resizer\/zgQ92JXiiVdns56GTDiEN3hH2Lk=\/310x0\/filters:format(webp):quality(80)\/cloudfront-us-east-1.images.arcpublishing.com\/lanacionar\/334J7XCN3ZEZDDBIOS6JNWQAZE.JPG\" alt=\"Luis Lacalle Pou anduvo en kayak junto a Gilbert Butler por el r\u00edo Uruguay\"\/><figcaption>Luis Lacalle Pou anduvo en kayak junto a Gilbert Butler por el r\u00edo UruguaySusana-Troude-Lescout &#8211; Presidencia de Uruguay<\/figcaption><\/figure>\n\n\n\n<p>\u201dA fines de 2021, tres islas fueron incorporadas al proyecto en el lado argentino del r\u00edo Uruguay, y&nbsp;<strong>ser\u00e1n donadas a Entre R\u00edos para conformar un futuro Parque Natural Provincial<\/strong>\u201d, puntualiza el comunicado de Amb\u00e1.<\/p>\n\n\n\n<p>\u201dA trav\u00e9s de la iniciativa, buscamos consolidar&nbsp;<strong>un corredor biocultural de \u00e1reas protegidas para contribuir a la conservaci\u00f3n de sus especies y h\u00e1bitats<\/strong>, a su capacidad de respuesta frente al cambio clim\u00e1tico y al desarrollo sustentable de actividades tur\u00edsticas, educativas y cient\u00edficas vinculadas a su conservaci\u00f3n, y que&nbsp;<strong>beneficiar\u00e1n a m\u00e1s de medio mill\u00f3n de personas que habitan en el \u00e1rea<\/strong>\u201d, sostuvo Maximiliano Costa director ejecutivo de la ONG.<\/p>\n\n\n\n<figure class=\"wp-block-image\"><img decoding=\"async\" src=\"https:\/\/resizer.glanacion.com\/resizer\/57cZGRP8T0pNHPyilvq7bzrtjLE=\/310x0\/filters:format(webp):quality(80)\/cloudfront-us-east-1.images.arcpublishing.com\/lanacionar\/YT4TEFKSXFFNFM6R4SPJSEOQFA.JPG\" alt=\"Luis Lacalle Pou junto a Gilbert Butler, autoridades uruguayas y de la organizaci\u00f3n ecologista\"\/><figcaption>Luis Lacalle Pou junto a Gilbert Butler, autoridades uruguayas y de la organizaci\u00f3n ecologistaSusana-Troude-Lescout &#8211; Presidencia de Uruguay<\/figcaption><\/figure>\n\n\n\n<p>\u201dEl \u00e1rea de influencia de este corredor fue identificada como de gran relevancia para la conservaci\u00f3n de la biodiversidad en los dos pa\u00edses y a nivel global, porque&nbsp;<strong>alberga el 41% de las 2450 especies vegetales descritas en Uruguay<\/strong>\u201d, puntualiz\u00f3 Amb\u00e1. Adem\u00e1s all\u00ed se document\u00f3 la presencia del&nbsp;<strong>aguar\u00e1 guaz\u00fa,<\/strong>&nbsp;considerado como el c\u00e1nido de mayor tama\u00f1o de&nbsp;<strong>Am\u00e9rica del Sur<\/strong>, que est\u00e1 en peligro de extinci\u00f3n.<\/p>\n\n\n\n<figure class=\"wp-block-image\"><img decoding=\"async\" src=\"https:\/\/resizer.glanacion.com\/resizer\/8j9vVo9hltCAgpdWu222kWZaQq0=\/310x0\/filters:format(webp):quality(80)\/cloudfront-us-east-1.images.arcpublishing.com\/lanacionar\/33F476RVBJC6XKZTIF7JLBM5WI.jpg\" alt=\"Aguar\u00e1 Guaz\u00fa, del PN Pilcomayo\"\/><figcaption>Aguar\u00e1 Guaz\u00fa, del PN Pilcomayo<\/figcaption><\/figure>\n\n\n\n<p>Butler, que<strong>&nbsp;hizo su fortuna mediante negocios con fondos de pensi\u00f3n,<\/strong>&nbsp;destina parte de su dinero a la<strong>&nbsp;conservaci\u00f3n de \u00e1reas naturales<\/strong>, y sus proyectos incluyen espacios en Am\u00e9rica del Sur (como en el sur de la Argentina y de Chile), pero tambi\u00e9n en Estados Unidos, Canad\u00e1 y \u00c1frica oriental.<\/p>\n\n\n\n<p>El&nbsp;<strong>v\u00ednculo con Uruguay<\/strong>&nbsp;comenz\u00f3 cuando desde la reserva El Potrero, frente a Fray Bentos, del lado argentino, lo invitaron a inicios de 2020 a conocer una estancia. El contacto fue mediante Emiliano Ezcurra, de la ONG Banco de Bosques, que trabaj\u00f3 junto al multimillonario en la generaci\u00f3n de refugios en el&nbsp;<strong>Parque Perito Moreno<\/strong>.<\/p>\n\n\n\n<p>La entidad filantr\u00f3pica de conservaci\u00f3n<strong>&nbsp;Butler Conservation<\/strong>, propiedad del magnate, ser\u00e1 la que<strong>&nbsp;proveer\u00e1 el 100% de los fondos para este ambicioso proyecto<\/strong>&nbsp;de conservaci\u00f3n en ambos pa\u00edses, que ser\u00e1 implementado por los equipos de @WCSArgentina y @thewcs Cono Sur, en coordinaci\u00f3n con The Nature Conservancy (TNC), @BancodeBosques, la Asociaci\u00f3n Civil Uruguaya AMB\u00c1 y los gobiernos de la Rep\u00fablica Oriental del Uruguay y de la Provincia de Entre R\u00edos, Argentina.<\/p>\n\n\n\n<figure class=\"wp-block-image\"><img decoding=\"async\" src=\"https:\/\/resizer.glanacion.com\/resizer\/DoF_Fw-HXOiJSA_QsP8ubIbIRZc=\/310x0\/filters:format(webp):quality(80)\/cloudfront-us-east-1.images.arcpublishing.com\/lanacionar\/XOLLELEDWVFVFPKKPWSWKRLXN4.JPG\" alt=\"Luis Lacalle Pou, junto al multimillonario Gilbert Butler en el r\u00edo Uruguay\"\/><figcaption>Luis Lacalle Pou, junto al multimillonario Gilbert Butler en el r\u00edo UruguaySusana-Troude-Lescout &#8211; Presidencia de Uruguay<\/figcaption><\/figure>\n\n\n\n<p>Junto con la compra de estas islas, este mes las escuelas de kayak de Nuevo Berl\u00edn y San Javier, en Uruguay,&nbsp;<strong>recibieron la donaci\u00f3n de 50 kayaks con su equipamiento completo<\/strong>, para fortalecer actividades de turismo de naturaleza, educaci\u00f3n ambiental y deportes n\u00e1uticos.<\/p>\n\n\n\n<p>En enero pasado, luego de recorrer la zona con Butler, Lacalle Pou dijo que se trataba de un&nbsp;<strong>\u201cproyecto<\/strong>&nbsp;<strong>virtuoso\u201d, que ten\u00eda una \u201cfuerte vocaci\u00f3n\u201d de dar a conocer esa parte de Uruguay. \u201c<\/strong>Adem\u00e1s, un concepto que no es nuevo, pero que hay que empezar a hacerlo m\u00e1s com\u00fan, el cuidado del medio ambiente. Es un proyecto econ\u00f3micamente sustentable\u201d, apunt\u00f3. \u201c<strong>Se puede convertir en un polo de atracci\u00f3n de turismo<\/strong>&nbsp;para el pa\u00eds\u201d, indic\u00f3.<\/p>\n\n\n\n<h2 class=\"wp-block-heading\">Fondos de inversi\u00f3n<\/h2>\n\n\n\n<p><strong>Butler gener\u00f3 su fortuna a trav\u00e9s del manejo de fondos de inversi\u00f3n en Estados Unidos<\/strong>, donde en 1979 fund\u00f3 su empresa Butler Capital Corporation. All\u00ed trabaj\u00f3 hasta 2005 con corporaciones e inversores particulares, pero desde ese a\u00f1o concentr\u00f3 su actividad en su fundaci\u00f3n&nbsp;<strong>Butler Conservation<\/strong>, seg\u00fan la organizaci\u00f3n.<\/p>\n\n\n\n<p>El hombre desembarc\u00f3 en la Argentina por su&nbsp;<strong>cercan\u00eda con la familia Tompkins<\/strong>, otros fil\u00e1ntropos que apoyaron parques nacionales en pa\u00edses vecinos. Ahora, en Uruguay, trabaja junto a la ONG Amb\u00e1, que se encarga del proceso de compra de las 500 hect\u00e1reas y la instalaci\u00f3n del proyecto, dijo a El Pa\u00eds el coordinador de la organizaci\u00f3n, Maximiliano Costa.<\/p>\n\n\n\n<p>La<strong>&nbsp;primera visita a Uruguay<\/strong>&nbsp;fue en enero de 2021. \u201c<strong>\u00c9l se enamor\u00f3 de los canales entre las islas<\/strong>, que tienen unos lugares espectaculares para hacer kayak. Ah\u00ed comenz\u00f3 todo\u201d, dijo a El Pa\u00eds el director de Ambiente de la Intendencia de R\u00edo Negro, Adri\u00e1n Stagi.<\/p>\n\n\n\n<h2 class=\"wp-block-heading\">Compra en Entre R\u00edos<\/h2>\n\n\n\n<p>En marzo pasado, el gobernador entrerriano,<strong>&nbsp;Gustavo Bordet,<\/strong>&nbsp;destac\u00f3 que las 2600 hect\u00e1reas de islas recibidas en donaci\u00f3n junto a otras 1400 hect\u00e1reas provinciales conformar\u00e1n el Parque Natural Provincial.<strong>&nbsp;\u201cEs una zona de muchos deportes n\u00e1uticos, como kayaks, navegaci\u00f3n a vela\u201d<\/strong>, y que tambi\u00e9n ofrece \u201cla posibilidad de tener varios refugios\u201d, dijo Bordet.<\/p>\n\n\n\n<p>\u201c<strong>El primero ya est\u00e1 construido<\/strong>, luego vendr\u00e1n cinco refugios m\u00e1s que servir\u00e1n para muchas personas que quieren tener un lugar para descansar o pernoctar. Se va a poder hacer todo de manera gratuita\u201d, describi\u00f3.<\/p>\n\n\n\n<p>El mandatario explic\u00f3 que se est\u00e1 trabajando \u201cfuertemente\u201d y dijo que \u201c<strong>nuestra intenci\u00f3n es poder lograr concretar este parque<\/strong>&nbsp;para que pueda ser disfrutado por todos los entrerrianos y los turistas que los vienen a visitar en esta zona\u201d.<\/p>\n","protected":false},"excerpt":{"rendered":"<p>Con fines conservacionistas, Gilbert Butler entregar\u00e1 los terrenos al Estado uruguayo y a la provincia de Entre R\u00edos para que sean destinadas al ecoturismo; cu\u00e1les son las islas MONTEVIDEO.- A&hellip; <\/p>\n","protected":false},"author":3,"featured_media":11381,"comment_status":"closed","ping_status":"open","sticky":false,"template":"","format":"standard","meta":{"footnotes":""},"categories":[1],"tags":[],"class_list":["post-11380","post","type-post","status-publish","format-standard","has-post-thumbnail","hentry","category-informacion-general"],"_links":{"self":[{"href":"https:\/\/corrientesdetarde.com\/index.php\/wp-json\/wp\/v2\/posts\/11380","targetHints":{"allow":["GET"]}}],"collection":[{"href":"https:\/\/corrientesdetarde.com\/index.php\/wp-json\/wp\/v2\/posts"}],"about":[{"href":"https:\/\/corrientesdetarde.com\/index.php\/wp-json\/wp\/v2\/types\/post"}],"author":[{"embeddable":true,"href":"https:\/\/corrientesdetarde.com\/index.php\/wp-json\/wp\/v2\/users\/3"}],"replies":[{"embeddable":true,"href":"https:\/\/corrientesdetarde.com\/index.php\/wp-json\/wp\/v2\/comments?post=11380"}],"version-history":[{"count":1,"href":"https:\/\/corrientesdetarde.com\/index.php\/wp-json\/wp\/v2\/posts\/11380\/revisions"}],"predecessor-version":[{"id":11382,"href":"https:\/\/corrientesdetarde.com\/index.php\/wp-json\/wp\/v2\/posts\/11380\/revisions\/11382"}],"wp:featuredmedia":[{"embeddable":true,"href":"https:\/\/corrientesdetarde.com\/index.php\/wp-json\/wp\/v2\/media\/11381"}],"wp:attachment":[{"href":"https:\/\/corrientesdetarde.com\/index.php\/wp-json\/wp\/v2\/media?parent=11380"}],"wp:term":[{"taxonomy":"category","embeddable":true,"href":"https:\/\/corrientesdetarde.com\/index.php\/wp-json\/wp\/v2\/categories?post=11380"},{"taxonomy":"post_tag","embeddable":true,"href":"https:\/\/corrientesdetarde.com\/index.php\/wp-json\/wp\/v2\/tags?post=11380"}],"curies":[{"name":"wp","href":"https:\/\/api.w.org\/{rel}","templated":true}]}}