{"id":113863,"date":"2023-12-26T11:08:55","date_gmt":"2023-12-26T14:08:55","guid":{"rendered":"https:\/\/corrientesdetarde.com\/?p=113863"},"modified":"2023-12-26T11:18:50","modified_gmt":"2023-12-26T14:18:50","slug":"por-que-hay-que-prevenir-las-quemaduras-solares-en-la-infancia","status":"publish","type":"post","link":"https:\/\/corrientesdetarde.com\/index.php\/bienestar-y-salud\/por-que-hay-que-prevenir-las-quemaduras-solares-en-la-infancia\/","title":{"rendered":"Por qu\u00e9 hay que prevenir las quemaduras solares en la infancia"},"content":{"rendered":"\n<p>El\u00a0<strong>c\u00e1ncer de piel\u00a0<\/strong>es el tipo m\u00e1s com\u00fan de los c\u00e1nceres en el ser humano. Como el da\u00f1o solar es acumulable, las exposiciones reiteradas e indiscriminadas producen a largo plazo un envejecimiento prematuro, lesiones precancerosas y c\u00e1ncer de piel.<\/p>\n\n\n\n<p>\u201cUna\u00a0quemadura solar\u00a0en la infancia aumenta cuatro veces el riesgo de desarrollar c\u00e1ncer de piel en la edad adulta. La mejor medida preventiva es la fotoprotecci\u00f3n. El\u00a0<strong>protector solar<\/strong>\u00a0superior a 30 SPF es un m\u00e9todo eficaz siempre que se utilice correctamente, es decir, se vuelva a aplicar cada 4 horas. Adem\u00e1s, refuerzo la necesidad de ropa con protecci\u00f3n UV. En los meses m\u00e1s fr\u00edos, prot\u00e9janse la cara y las manos. En verano, es importante aplicar el producto en todas las zonas expuestas y repetir el uso en el periodo recomendado. En un escenario de sol agresivo, siempre hay ropa disponible con protecci\u00f3n UV\u201d, se\u00f1ala el cirujano pl\u00e1stico Eduard Brechtb\u00fchl, miembro titular de la Sociedad Brasile\u00f1a de Cirug\u00eda Pl\u00e1stica (SBCP) y del Centro de C\u00e1ncer de Piel del Centro Oncol\u00f3gico AC Camargo.<\/p>\n\n\n\n<p>Medidas como el uso de accesorios como sombrero y sombrilla y ropa que proteja contra la&nbsp;<strong>exposici\u00f3n solar<\/strong>, buscar sombra en los momentos de mayor intensidad UV y mantenerse hidratado son cuidados sencillos que contribuyen a la protecci\u00f3n contra el da\u00f1o solar.<\/p>\n\n\n\n<p>\u201cSi se sospecha de una lesi\u00f3n, es necesaria una consulta con el dermat\u00f3logo para que haga dermatoscopia, un procedimiento que utiliza un dispositivo que permite agrandar la visi\u00f3n del tama\u00f1o de la lesi\u00f3n al menos 10 veces. Este procedimiento permite&nbsp;<strong>evaluar las caracter\u00edsticas de cada lesi\u00f3n y clasificarlas<\/strong>&nbsp;como benignas, sospechosas o malignas, orientando as\u00ed la conducta a realizar\u201d, detalla el doctor.<\/p>\n\n\n\n<figure class=\"wp-block-image\"><img decoding=\"async\" src=\"https:\/\/tn.com.ar\/resizer\/yr27ATNrsL4vaAUyh0nVys_pGCc=\/767x0\/smart\/filters:format(webp)\/cloudfront-us-east-1.images.arcpublishing.com\/artear\/H3HGRMB7SFWHU3DJUIQOKM4VO4.jpg\" alt=\"Es importante no exponer al sol en forma directa a los ni\u00f1os menores de un a\u00f1o. (Foto: Adobe Stock) \"\/><figcaption>Es importante no exponer al sol en forma directa a los ni\u00f1os menores de un a\u00f1o. (Foto: Adobe Stock)<\/figcaption><\/figure>\n\n\n\n<p>Debido al&nbsp;<strong>bajo fototipo<\/strong>&nbsp;-que es la escala de clasificaci\u00f3n de la piel seg\u00fan la reacci\u00f3n al sol- las personas con piel blanca y sus variables, o que tengan antecedentes de c\u00e1ncer de piel, deben realizar una visita anual al dermat\u00f3logo para valorar la posible existencia de la lesi\u00f3n.<\/p>\n\n\n\n<h2 class=\"wp-block-heading\">El uso de protector solar es lo m\u00e1s importante para evitar el c\u00e1ncer de piel<\/h2>\n\n\n\n<p>Seg\u00fan el m\u00e9dico, la exposici\u00f3n intensa al sol, especialmente en los primeros a\u00f1os de vida, es un factor de riesgo para el desarrollo de\u00a0<strong>lesiones cut\u00e1neas\u00a0<\/strong>en el futuro, especialmente para biotipos de piel y ojos claros, personas con antecedentes personales o familiares de c\u00e1ncer de piel o m\u00faltiples lesiones pigmentadas (<strong>lunares<\/strong>\u00a0en el cuerpo), especialmente si son at\u00edpicas. Para estos casos, el m\u00e9dico indica una atenci\u00f3n m\u00e1s minuciosa.<\/p>\n\n\n\n<p>\u201cEl\u00a0<strong>riesgo gen\u00e9tico<\/strong>, con antecedentes familiares o m\u00faltiples\u00a0lunares, no se puede controlar. Sin embargo, el medio ambiente se puede gestionar, es decir, usar protector solar en todo momento. Para las personas susceptibles (piel, ojos y cabello claros), la mejor manera de cuidar la piel es colocar el filtro superior a 30 FSP y ropa con protecci\u00f3n UV. Por otro lado, las personas de riesgo, con antecedentes gen\u00e9ticos, adem\u00e1s de estas precauciones, deben ser monitorizadas por un especialista y realizar pruebas espec\u00edficas para el diagn\u00f3stico lo m\u00e1s precoz posible de las lesiones en desarrollo\u201d, aconseja el experto.<\/p>\n","protected":false},"excerpt":{"rendered":"<p>El\u00a0c\u00e1ncer de piel\u00a0es el tipo m\u00e1s com\u00fan de los c\u00e1nceres en el ser humano. Como el da\u00f1o solar es acumulable, las exposiciones reiteradas e indiscriminadas producen a largo plazo un&hellip; <\/p>\n","protected":false},"author":12,"featured_media":113873,"comment_status":"closed","ping_status":"open","sticky":false,"template":"","format":"standard","meta":{"footnotes":""},"categories":[16],"tags":[],"class_list":["post-113863","post","type-post","status-publish","format-standard","has-post-thumbnail","hentry","category-bienestar-y-salud"],"_links":{"self":[{"href":"https:\/\/corrientesdetarde.com\/index.php\/wp-json\/wp\/v2\/posts\/113863","targetHints":{"allow":["GET"]}}],"collection":[{"href":"https:\/\/corrientesdetarde.com\/index.php\/wp-json\/wp\/v2\/posts"}],"about":[{"href":"https:\/\/corrientesdetarde.com\/index.php\/wp-json\/wp\/v2\/types\/post"}],"author":[{"embeddable":true,"href":"https:\/\/corrientesdetarde.com\/index.php\/wp-json\/wp\/v2\/users\/12"}],"replies":[{"embeddable":true,"href":"https:\/\/corrientesdetarde.com\/index.php\/wp-json\/wp\/v2\/comments?post=113863"}],"version-history":[{"count":2,"href":"https:\/\/corrientesdetarde.com\/index.php\/wp-json\/wp\/v2\/posts\/113863\/revisions"}],"predecessor-version":[{"id":113885,"href":"https:\/\/corrientesdetarde.com\/index.php\/wp-json\/wp\/v2\/posts\/113863\/revisions\/113885"}],"wp:featuredmedia":[{"embeddable":true,"href":"https:\/\/corrientesdetarde.com\/index.php\/wp-json\/wp\/v2\/media\/113873"}],"wp:attachment":[{"href":"https:\/\/corrientesdetarde.com\/index.php\/wp-json\/wp\/v2\/media?parent=113863"}],"wp:term":[{"taxonomy":"category","embeddable":true,"href":"https:\/\/corrientesdetarde.com\/index.php\/wp-json\/wp\/v2\/categories?post=113863"},{"taxonomy":"post_tag","embeddable":true,"href":"https:\/\/corrientesdetarde.com\/index.php\/wp-json\/wp\/v2\/tags?post=113863"}],"curies":[{"name":"wp","href":"https:\/\/api.w.org\/{rel}","templated":true}]}}