{"id":113892,"date":"2023-12-26T13:59:41","date_gmt":"2023-12-26T16:59:41","guid":{"rendered":"https:\/\/corrientesdetarde.com\/?p=113892"},"modified":"2023-12-26T13:59:53","modified_gmt":"2023-12-26T16:59:53","slug":"cardozo-entrego-indumentaria-al-equipo-del-programa-salud-y-ambiente","status":"publish","type":"post","link":"https:\/\/corrientesdetarde.com\/index.php\/bienestar-y-salud\/cardozo-entrego-indumentaria-al-equipo-del-programa-salud-y-ambiente\/","title":{"rendered":"Cardozo entreg\u00f3 indumentaria al equipo del Programa Salud y Ambiente"},"content":{"rendered":"\n<p><em>Esa propuesta tiene como objetivo general, desarrollar programas de informaci\u00f3n, gesti\u00f3n y sensibilizaci\u00f3n sobre la importancia de preservar la salud y el cuidado del ambiente.<\/em><\/p>\n\n\n\n<p>El ministro de Salud P\u00fablica de la Provincia, Ricardo Cardozo, encabez\u00f3 hoy una entrega de indumentaria al equipo del Programa Salud y Ambiente, que se instrumenta en la \u00f3rbita de la Subsecretar\u00eda de Gesti\u00f3n Sanitaria. Se trata de una propuesta que tiene como objetivo general, desarrollar programas de informaci\u00f3n, gesti\u00f3n y sensibilizaci\u00f3n sobre la importancia de preservar la salud y el cuidado del ambiente.<\/p>\n\n\n\n<p>As\u00ed, se entregaron 14 unidades de indumentarias que comprenden ambos y remeras y camperas; 14 mochilas, 2 computadoras, 2 tablets, 1 proyector con pantalla y 1 equipo de audio.<\/p>\n\n\n\n<p>En la ocasi\u00f3n, el ministro&nbsp;<strong>Ricardo Cardozo<\/strong>, asegur\u00f3: \u201cPara el Ministerio es muy importante este programa y para la sociedad\u201d y, dirigi\u00e9ndose al equipo del programa, les dijo: \u201cEs sumamente relevante la tarea que realizan. Nuestra sociedad, nuestro planeta, est\u00e1 cada vez m\u00e1s maltratado y si no creamos conciencia de estas cosas eso traer\u00e1 consecuencias para el futuro, por lo que es muy importante la tarea de ustedes y el liderazgo de la subsecretaria Silvina Vega Bajo en este sentido\u201d.<\/p>\n\n\n\n<p>As\u00ed, remarc\u00f3: \u201cEl Ministerio seguir\u00e1 apoyando este programa. En lo que es educaci\u00f3n ambiental, que tiene que ver much\u00edsimo con la salud, hay mucho por hacer, as\u00ed que hay un campo muy grande para seguir expandi\u00e9ndose\u201d.<\/p>\n\n\n\n<p>Por su parte, la subsecretar\u00eda,&nbsp;<strong>Silvina Vega Bajo<\/strong>, agradeci\u00f3 al ministro por el apoyo permanente y por \u201cdarnos las herramientas necesarias para poder cumplir con el trabajo no solo para lo que es el nivel central, sino tambi\u00e9n en terreno\u201d.<\/p>\n\n\n\n<p>\u201cEsta indumentaria que hoy se entrega es no solo un reconocimiento al esfuerzo, sino que tambi\u00e9n es un recordatorio para que sigamos trabajando juntos por una mejor salud p\u00fablica, por el bienestar de la comunidad y siempre preservando y cuidando el ambiente\u201d, agreg\u00f3.<\/p>\n\n\n\n<p>Por \u00faltimo, el director general de Administraci\u00f3n del Ministerio de Salud P\u00fablica,&nbsp;<strong>Francisco Fern\u00e1ndez<\/strong>, remarc\u00f3 la actitud de la subsecretaria en el desarrollo del programa y agradeci\u00f3 \u201ca los integrantes del programa y a los que lideran el proyecto\u201d.<\/p>\n\n\n\n<p>El acto cont\u00f3 con la presencia Juan Manuel Ferrer, quien director Administrativo del hospital de campa\u00f1a Escuela Hogar y encargado de implementar el programa Hospitales Verdes, y de los integrantes del equipo del programa Salud y Ambiente.<\/p>\n\n\n\n<figure class=\"wp-block-image size-large\"><img loading=\"lazy\" decoding=\"async\" width=\"1024\" height=\"596\" src=\"https:\/\/corrientesdetarde.com\/wp-content\/uploads\/2023\/12\/image-603-1024x596.png\" alt=\"\" class=\"wp-image-113893\" srcset=\"https:\/\/corrientesdetarde.com\/wp-content\/uploads\/2023\/12\/image-603-1024x596.png 1024w, https:\/\/corrientesdetarde.com\/wp-content\/uploads\/2023\/12\/image-603-300x175.png 300w, https:\/\/corrientesdetarde.com\/wp-content\/uploads\/2023\/12\/image-603-768x447.png 768w, https:\/\/corrientesdetarde.com\/wp-content\/uploads\/2023\/12\/image-603.png 1279w\" sizes=\"auto, (max-width: 1024px) 100vw, 1024px\" \/><\/figure>\n\n\n\n<figure class=\"wp-block-image size-large\"><img loading=\"lazy\" decoding=\"async\" width=\"1024\" height=\"768\" src=\"https:\/\/corrientesdetarde.com\/wp-content\/uploads\/2023\/12\/image-604-1024x768.png\" alt=\"\" class=\"wp-image-113894\" srcset=\"https:\/\/corrientesdetarde.com\/wp-content\/uploads\/2023\/12\/image-604-1024x768.png 1024w, https:\/\/corrientesdetarde.com\/wp-content\/uploads\/2023\/12\/image-604-300x225.png 300w, https:\/\/corrientesdetarde.com\/wp-content\/uploads\/2023\/12\/image-604-768x576.png 768w, https:\/\/corrientesdetarde.com\/wp-content\/uploads\/2023\/12\/image-604-1536x1152.png 1536w, https:\/\/corrientesdetarde.com\/wp-content\/uploads\/2023\/12\/image-604.png 1600w\" sizes=\"auto, (max-width: 1024px) 100vw, 1024px\" \/><\/figure>\n","protected":false},"excerpt":{"rendered":"<p>Esa propuesta tiene como objetivo general, desarrollar programas de informaci\u00f3n, gesti\u00f3n y sensibilizaci\u00f3n sobre la importancia de preservar la salud y el cuidado del ambiente. El ministro de Salud P\u00fablica&hellip; <\/p>\n","protected":false},"author":8,"featured_media":113895,"comment_status":"closed","ping_status":"open","sticky":false,"template":"","format":"standard","meta":{"footnotes":""},"categories":[16],"tags":[],"class_list":["post-113892","post","type-post","status-publish","format-standard","has-post-thumbnail","hentry","category-bienestar-y-salud"],"_links":{"self":[{"href":"https:\/\/corrientesdetarde.com\/index.php\/wp-json\/wp\/v2\/posts\/113892","targetHints":{"allow":["GET"]}}],"collection":[{"href":"https:\/\/corrientesdetarde.com\/index.php\/wp-json\/wp\/v2\/posts"}],"about":[{"href":"https:\/\/corrientesdetarde.com\/index.php\/wp-json\/wp\/v2\/types\/post"}],"author":[{"embeddable":true,"href":"https:\/\/corrientesdetarde.com\/index.php\/wp-json\/wp\/v2\/users\/8"}],"replies":[{"embeddable":true,"href":"https:\/\/corrientesdetarde.com\/index.php\/wp-json\/wp\/v2\/comments?post=113892"}],"version-history":[{"count":1,"href":"https:\/\/corrientesdetarde.com\/index.php\/wp-json\/wp\/v2\/posts\/113892\/revisions"}],"predecessor-version":[{"id":113896,"href":"https:\/\/corrientesdetarde.com\/index.php\/wp-json\/wp\/v2\/posts\/113892\/revisions\/113896"}],"wp:featuredmedia":[{"embeddable":true,"href":"https:\/\/corrientesdetarde.com\/index.php\/wp-json\/wp\/v2\/media\/113895"}],"wp:attachment":[{"href":"https:\/\/corrientesdetarde.com\/index.php\/wp-json\/wp\/v2\/media?parent=113892"}],"wp:term":[{"taxonomy":"category","embeddable":true,"href":"https:\/\/corrientesdetarde.com\/index.php\/wp-json\/wp\/v2\/categories?post=113892"},{"taxonomy":"post_tag","embeddable":true,"href":"https:\/\/corrientesdetarde.com\/index.php\/wp-json\/wp\/v2\/tags?post=113892"}],"curies":[{"name":"wp","href":"https:\/\/api.w.org\/{rel}","templated":true}]}}