{"id":113897,"date":"2023-12-26T14:11:02","date_gmt":"2023-12-26T17:11:02","guid":{"rendered":"https:\/\/corrientesdetarde.com\/?p=113897"},"modified":"2023-12-26T14:11:07","modified_gmt":"2023-12-26T17:11:07","slug":"bomba-en-racing-una-figura-se-fue-de-manera-sorpresiva-y-explico-los-motivos-en-una-extensa-carta","status":"publish","type":"post","link":"https:\/\/corrientesdetarde.com\/index.php\/deportes\/bomba-en-racing-una-figura-se-fue-de-manera-sorpresiva-y-explico-los-motivos-en-una-extensa-carta\/","title":{"rendered":"Bomba en Racing: una figura se fue de manera sorpresiva y explic\u00f3 los motivos en una extensa carta"},"content":{"rendered":"\n<p>La dirigencia de la Academia y Gustavo Costas contaban con el futbolista para la pr\u00f3xima temporada, sin embargo ahora tendr\u00e1n que buscar a alguien para reforzar el puesto.<\/p>\n\n\n\n<p>De manera sorpresiva,\u00a0<strong>Gabriel Hauche anunci\u00f3 que no seguir\u00e1 en Racing<\/strong>\u00a0pese a que la dirigencia le hab\u00eda ofrecido continuar y\u00a0ser uno de los referentes del nuevo equipo de Gustavo Costa.<\/p>\n\n\n\n<p>El Demonio public\u00f3 una&nbsp;<strong>extensa carta&nbsp;<\/strong>en sus redes sociales en la que esgrimi\u00f3 que&nbsp;<strong>se alejar\u00e1 de la Academia para buscar \u201cnuevos horizontes\u201d<\/strong>&nbsp;y donde se\u00f1al\u00f3 que su decisi\u00f3n fue \u201cabsolutamente personal y&nbsp;<strong>no responde a ning\u00fan malestar con la instituci\u00f3n\u201d.<\/strong><\/p>\n\n\n\n<p>El ex-Argentinos, de 37 a\u00f1os, quer\u00eda seguir en el club y aceptaba un contrato acorde a su rol actual en el equipo. A pesar de esto, los n\u00fameros fueron insuficientes y ni siquiera la presi\u00f3n de Costas, que hab\u00eda asegurado su continuidad, sirvi\u00f3 para que pudiera llegar a un acuerdo con la instituci\u00f3n de Avellaneda.<\/p>\n\n\n\n<figure class=\"wp-block-image\"><img decoding=\"async\" src=\"https:\/\/tn.com.ar\/resizer\/iRXzwKnLPS5rphdmNFDEGj1PTEc=\/767x0\/smart\/filters:format(webp)\/cloudfront-us-east-1.images.arcpublishing.com\/artear\/RMR4PQG73VHVVLPPJ2WTNXXWGQ.jpg\" alt=\"(Foto: T\u00e9lam)\"\/><\/figure>\n\n\n\n<h2 class=\"wp-block-heading\">La carta de Gabriel Hauche en sus redes sociales<\/h2>\n\n\n\n<p>\u201cDecirles adi\u00f3s a los lugares donde fuimos felices no es sencillo, pero a veces resulta necesario:&nbsp;<strong>hoy siento que es momento de cerrar esta etapa en Racing y de buscar nuevos horizontes<\/strong>&nbsp;para mi carrera futbol\u00edstica\u201d, comienza el escrito del jugador.<\/p>\n\n\n\n<p>\u201cLa vida me dio el enorme privilegio de defender esta camiseta y, con virtudes y defectos, siempre me entregu\u00e9 al m\u00e1ximo. En cada entrenamiento y en cada partido me brind\u00e9 por completo para estar a la altura de lo que exige un club como el nuestro. Tuve el honor de ser parte de planteles campeones y esas emociones, esos instantes inolvidables, me van a acompa\u00f1ar hasta el \u00faltimo d\u00eda\u201d, sigui\u00f3.<\/p>\n\n\n\n<figure class=\"wp-block-image\"><img decoding=\"async\" src=\"https:\/\/tn.com.ar\/resizer\/a37uet0OvCbbSvt9UpcC-Je0yxc=\/767x0\/smart\/filters:format(webp)\/cloudfront-us-east-1.images.arcpublishing.com\/artear\/5AFBOV32DBEDJHRTRWCOWFOENM.JPG\" alt=\"Gabriel Hauche no seguir\u00e1 en Racing y se despidi\u00f3 con una extensa carta en redes sociales. (Instagram gabriel_hauche)\"\/><\/figure>\n\n\n\n<p><strong>\u201cMi decisi\u00f3n es absolutamente personal y no responde a ning\u00fan malestar con la instituci\u00f3n<\/strong>. Al contrario: estoy profundamente agradecido a quienes me abrieron la puerta en enero de 2022 para que pudiera pisar nuevamente el Cilindro. Nada de esto hubiera sido posible sin el apoyo de mis compa\u00f1eros, de los cuerpos t\u00e9cnicos, de los m\u00e9dicos y de los trabajadores del club. A todos ellos les debo much\u00edsimo\u201d, continu\u00f3.<\/p>\n\n\n\n<p>Luego hizo una especial menci\u00f3n a los fan\u00e1ticos y las fan\u00e1ticas de la Academia. \u201cPara ustedes, los hinchas, los que alientan en las buenas y en las malas, s\u00f3lo tengo palabras de admiraci\u00f3n. Son el coraz\u00f3n del club y eso va a ser as\u00ed por siempre\u201d, expres\u00f3.<\/p>\n\n\n\n<p>\u201cSi alguien me hubiera dicho de chico que iba a vivir esta historia incre\u00edble, no le habr\u00eda cre\u00eddo. Pero a veces la realidad es m\u00e1s linda que los mejores deseos. Te quiero mucho Racing, gracias por tanto, gracias toda la vida\u201d, cerr\u00f3 el futbolista.<\/p>\n","protected":false},"excerpt":{"rendered":"<p>La dirigencia de la Academia y Gustavo Costas contaban con el futbolista para la pr\u00f3xima temporada, sin embargo ahora tendr\u00e1n que buscar a alguien para reforzar el puesto. De manera&hellip; <\/p>\n","protected":false},"author":8,"featured_media":113898,"comment_status":"closed","ping_status":"open","sticky":false,"template":"","format":"standard","meta":{"footnotes":""},"categories":[4],"tags":[],"class_list":["post-113897","post","type-post","status-publish","format-standard","has-post-thumbnail","hentry","category-deportes"],"_links":{"self":[{"href":"https:\/\/corrientesdetarde.com\/index.php\/wp-json\/wp\/v2\/posts\/113897","targetHints":{"allow":["GET"]}}],"collection":[{"href":"https:\/\/corrientesdetarde.com\/index.php\/wp-json\/wp\/v2\/posts"}],"about":[{"href":"https:\/\/corrientesdetarde.com\/index.php\/wp-json\/wp\/v2\/types\/post"}],"author":[{"embeddable":true,"href":"https:\/\/corrientesdetarde.com\/index.php\/wp-json\/wp\/v2\/users\/8"}],"replies":[{"embeddable":true,"href":"https:\/\/corrientesdetarde.com\/index.php\/wp-json\/wp\/v2\/comments?post=113897"}],"version-history":[{"count":1,"href":"https:\/\/corrientesdetarde.com\/index.php\/wp-json\/wp\/v2\/posts\/113897\/revisions"}],"predecessor-version":[{"id":113899,"href":"https:\/\/corrientesdetarde.com\/index.php\/wp-json\/wp\/v2\/posts\/113897\/revisions\/113899"}],"wp:featuredmedia":[{"embeddable":true,"href":"https:\/\/corrientesdetarde.com\/index.php\/wp-json\/wp\/v2\/media\/113898"}],"wp:attachment":[{"href":"https:\/\/corrientesdetarde.com\/index.php\/wp-json\/wp\/v2\/media?parent=113897"}],"wp:term":[{"taxonomy":"category","embeddable":true,"href":"https:\/\/corrientesdetarde.com\/index.php\/wp-json\/wp\/v2\/categories?post=113897"},{"taxonomy":"post_tag","embeddable":true,"href":"https:\/\/corrientesdetarde.com\/index.php\/wp-json\/wp\/v2\/tags?post=113897"}],"curies":[{"name":"wp","href":"https:\/\/api.w.org\/{rel}","templated":true}]}}