{"id":113903,"date":"2023-12-26T14:20:08","date_gmt":"2023-12-26T17:20:08","guid":{"rendered":"https:\/\/corrientesdetarde.com\/?p=113903"},"modified":"2023-12-26T14:20:19","modified_gmt":"2023-12-26T17:20:19","slug":"lla-pone-en-stand-by-la-convocatoria-a-la-bicameral-en-medio-de-tensas-negociaciones-con-union-por-la-patria","status":"publish","type":"post","link":"https:\/\/corrientesdetarde.com\/index.php\/politica\/lla-pone-en-stand-by-la-convocatoria-a-la-bicameral-en-medio-de-tensas-negociaciones-con-union-por-la-patria\/","title":{"rendered":"LLA pone en stand-by la convocatoria a la bicameral en medio de tensas negociaciones con Uni\u00f3n por la Patria"},"content":{"rendered":"\n<p>Ambas fuerzas no logran ponerse de acuerdo con la conformaci\u00f3n de comisiones. \u201cLas negociaciones est\u00e1n trabadas y no podemos ceder lugares clave\u201d, le dijo un funcionario. Las alternativas.<\/p>\n\n\n\n<p>En La Libertad Avanza ponen en stand-by convocar a<strong>\u00a0la comisi\u00f3n Bicameral de Tr\u00e1mite Legislativo\u00a0<\/strong>para debatir en sesiones extraordinarias el decreto de Necesidad y Urgencia de desregulaci\u00f3n econ\u00f3mica que impuls\u00f3\u00a0Javier Milei. No fue incluido en el temario del llamado a trabajo legislativo del presidente.<\/p>\n\n\n\n<p>Seg\u00fan pudo saber\u00a0, el oficialismo<strong>\u00a0analiza la opci\u00f3n de dejar su desarrollo para el tratado en el per\u00edodo ordinario en marzo<\/strong>\u00a0y se respalda en que no se revis\u00f3 de forma urgente ning\u00fan decreto del exmandatario Alberto Fern\u00e1ndez.<\/p>\n\n\n\n<p>En esa l\u00ednea,&nbsp;<strong>se atrasa la conformaci\u00f3n de la comisi\u00f3n<\/strong>, ya que Uni\u00f3n por la Patria y La Libertad Avanza no se ponen de acuerdo en su composici\u00f3n. Se trata de 16 espacios clave, ocupados de forma proporcional entre representantes del Senado y de Diptuados.<\/p>\n\n\n\n<p>Los libertarios proponen por la C\u00e1mara Baja a su presidente de bloque, Oscar Zago, y por la Alta al senador de La Rioja Juan Carlos Paglotto.<\/p>\n\n\n\n<figure class=\"wp-block-image\"><img decoding=\"async\" src=\"https:\/\/tn.com.ar\/resizer\/p92Nyl2ivZkuFBq5i3_jbv7IPF8=\/767x0\/smart\/filters:format(webp)\/cloudfront-us-east-1.images.arcpublishing.com\/artear\/IPSAQJ544JDF7IBSLKX52Z7XPM.jpg\" alt=\"La titular del Senado, Victoria Villarruel, junto al jefe de Estado, Javier Milei, y el presidente de Diptuados, Mart\u00edn Menem (Foto: TN). \"\/><\/figure>\n\n\n\n<p>Al respecto, un funcionario del Gobierno le expres\u00f3 a este medio: \u201c<strong>No nos queremos apurar y tener un problema<\/strong>. Las negociaciones est\u00e1n trabadas y no podemos ceder lugares porque es un espacio clave\u201d.<\/p>\n\n\n\n<p>En ese sentido, los diputados y senadores de La Libertad Avanza\u00a0<strong>todav\u00eda no tienen el proyecto de ley de la reforma del Estado<\/strong>\u00a0y no quieren adelantarse en las negociaciones.<\/p>\n\n\n\n<p>\u201cCuando llegue la letra fina, vamos a conocer las cartas que tenemos para jugar. Hasta el momento, no est\u00e1 claro, antes estaba previsto que sean tres leyes encadenadas y ahora\u00a0<strong>nos encontramos con una ley \u00f3minbus<\/strong>. No es lo mismo para negociar sin ser primera minor\u00eda en ninguna c\u00e1mara\u201d, expres\u00f3 a\u00a0<strong>\u00a0<\/strong>un dirigente del oficialismo.<\/p>\n","protected":false},"excerpt":{"rendered":"<p>Ambas fuerzas no logran ponerse de acuerdo con la conformaci\u00f3n de comisiones. \u201cLas negociaciones est\u00e1n trabadas y no podemos ceder lugares clave\u201d, le dijo un funcionario. Las alternativas. En La&hellip; <\/p>\n","protected":false},"author":8,"featured_media":113905,"comment_status":"closed","ping_status":"open","sticky":false,"template":"","format":"standard","meta":{"footnotes":""},"categories":[3],"tags":[],"class_list":["post-113903","post","type-post","status-publish","format-standard","has-post-thumbnail","hentry","category-politica"],"_links":{"self":[{"href":"https:\/\/corrientesdetarde.com\/index.php\/wp-json\/wp\/v2\/posts\/113903","targetHints":{"allow":["GET"]}}],"collection":[{"href":"https:\/\/corrientesdetarde.com\/index.php\/wp-json\/wp\/v2\/posts"}],"about":[{"href":"https:\/\/corrientesdetarde.com\/index.php\/wp-json\/wp\/v2\/types\/post"}],"author":[{"embeddable":true,"href":"https:\/\/corrientesdetarde.com\/index.php\/wp-json\/wp\/v2\/users\/8"}],"replies":[{"embeddable":true,"href":"https:\/\/corrientesdetarde.com\/index.php\/wp-json\/wp\/v2\/comments?post=113903"}],"version-history":[{"count":1,"href":"https:\/\/corrientesdetarde.com\/index.php\/wp-json\/wp\/v2\/posts\/113903\/revisions"}],"predecessor-version":[{"id":113906,"href":"https:\/\/corrientesdetarde.com\/index.php\/wp-json\/wp\/v2\/posts\/113903\/revisions\/113906"}],"wp:featuredmedia":[{"embeddable":true,"href":"https:\/\/corrientesdetarde.com\/index.php\/wp-json\/wp\/v2\/media\/113905"}],"wp:attachment":[{"href":"https:\/\/corrientesdetarde.com\/index.php\/wp-json\/wp\/v2\/media?parent=113903"}],"wp:term":[{"taxonomy":"category","embeddable":true,"href":"https:\/\/corrientesdetarde.com\/index.php\/wp-json\/wp\/v2\/categories?post=113903"},{"taxonomy":"post_tag","embeddable":true,"href":"https:\/\/corrientesdetarde.com\/index.php\/wp-json\/wp\/v2\/tags?post=113903"}],"curies":[{"name":"wp","href":"https:\/\/api.w.org\/{rel}","templated":true}]}}