{"id":113940,"date":"2023-12-26T15:25:04","date_gmt":"2023-12-26T18:25:04","guid":{"rendered":"https:\/\/corrientesdetarde.com\/?p=113940"},"modified":"2023-12-26T15:25:16","modified_gmt":"2023-12-26T18:25:16","slug":"diego-martinez-es-el-nuevo-entrenador-de-boca","status":"publish","type":"post","link":"https:\/\/corrientesdetarde.com\/index.php\/deportes\/diego-martinez-es-el-nuevo-entrenador-de-boca\/","title":{"rendered":"Diego Mart\u00ednez es el nuevo entrenador de Boca"},"content":{"rendered":"\n<p>El director t\u00e9cnico, de \u00faltimo paso por Hurac\u00e1n donde lo salv\u00f3 del descenso, tomar\u00e1 la posta que dej\u00f3 Jorge Almir\u00f3n tras el interinato de Mariano Herr\u00f3n.<\/p>\n\n\n\n<p><a rel=\"noreferrer noopener\" href=\"https:\/\/www.seedtag.com\/?utm_source=seedtag_publisher&amp;utm_medium=seedtag_tag&amp;utm_campaign=tag\" target=\"_blank\"><\/a>A trav\u00e9s de la red social X,\u00a0<strong>Diego Mart\u00ednez<\/strong>\u00a0fue anunciado este martes como nuevo entrenador de\u00a0<strong>Boca<\/strong>\u00a0y asumir\u00e1 la conducci\u00f3n del plantel el 2 de enero pr\u00f3ximo para iniciar la pretemporada.<\/p>\n\n\n\n<p>&#8220;Boca Juniors y Diego Mart\u00ednez llegaron a un acuerdo. El club y el entrenador trabajan en la formalizaci\u00f3n del contrato&#8221;, fue el comunicado oficial emitido por la entidad xeneize.<\/p>\n\n\n\n<figure class=\"wp-block-image\"><img decoding=\"async\" src=\"https:\/\/media.minutouno.com\/p\/21135c8a182690a120f5a51900574999\/adjuntos\/150\/imagenes\/041\/218\/0041218812\/610x0\/smart\/imagepng.png\" alt=\"\" title=\"\"\/><\/figure>\n\n\n\n<p>Mart\u00ednez, de&nbsp;<strong>45 a\u00f1os<\/strong>&nbsp;y ex DT de Estudiantes de Buenos Aires, Tigre y Hurac\u00e1n, entre otros clubes,&nbsp;<strong>firmar\u00e1 en las pr\u00f3ximas horas su contrato con Boca hasta el 31 de diciembre de 2024 y con la opci\u00f3n de extenderlo por una temporada m\u00e1s.<\/strong><\/p>\n\n\n\n<p>El entrenador se sumar\u00e1 a Boca para la sucesi\u00f3n oficial de&nbsp;<strong>Jorge Almir\u00f3n<\/strong>&nbsp;y tras el corto interinato de&nbsp;<strong>Mariano Herr\u00f3n.<\/strong><\/p>\n\n\n\n<figure class=\"wp-block-image\"><img decoding=\"async\" src=\"https:\/\/media.minutouno.com\/p\/9d4286057cdc54e3af9ca6aad72067f9\/adjuntos\/150\/imagenes\/041\/208\/0041208993\/diego-martinezjpg.jpg\" alt=\"\" title=\"\"\/><\/figure>\n\n\n\n<p>Mart\u00ednez estar\u00e1 acompa\u00f1ado por un cuerpo t\u00e9cnico integrado por&nbsp;<strong>Cristian Bardaro, Adri\u00e1n Gonz\u00e1lez<\/strong>&nbsp;y&nbsp;<strong>Gustavo Rodr\u00edguez<\/strong>&nbsp;(ayudantes de campo);&nbsp;<strong>Juan Manuel Conte<\/strong>&nbsp;y&nbsp;<strong>Leandro Mazziotti<\/strong>&nbsp;(preparadores f\u00edsicos);&nbsp;<strong>Pablo Campod\u00f3nico<\/strong>&nbsp;(entrenador de arqueros);&nbsp;<strong>Omar Mateo<\/strong>&nbsp;(videoanalista) y&nbsp;<strong>Patricio Ciavarella<\/strong>&nbsp;(coaching).<\/p>\n\n\n\n<p>En tanto, el hist\u00f3rico entrenador de arqueros&nbsp;<strong>Fernando Gayoso<\/strong>&nbsp;<strong>seguir\u00e1 en Boca<\/strong>, alejando los rumores que se generaron debido a que Mart\u00ednez tiene en su cuerpo t\u00e9cnico a Campod\u00f3nico, exarquero de Temperley, Aldosivi de Mar del Plata y Platense, entre otros clubes.<\/p>\n","protected":false},"excerpt":{"rendered":"<p>El director t\u00e9cnico, de \u00faltimo paso por Hurac\u00e1n donde lo salv\u00f3 del descenso, tomar\u00e1 la posta que dej\u00f3 Jorge Almir\u00f3n tras el interinato de Mariano Herr\u00f3n. A trav\u00e9s de la&hellip; <\/p>\n","protected":false},"author":8,"featured_media":113941,"comment_status":"closed","ping_status":"open","sticky":false,"template":"","format":"standard","meta":{"footnotes":""},"categories":[4],"tags":[],"class_list":["post-113940","post","type-post","status-publish","format-standard","has-post-thumbnail","hentry","category-deportes"],"_links":{"self":[{"href":"https:\/\/corrientesdetarde.com\/index.php\/wp-json\/wp\/v2\/posts\/113940","targetHints":{"allow":["GET"]}}],"collection":[{"href":"https:\/\/corrientesdetarde.com\/index.php\/wp-json\/wp\/v2\/posts"}],"about":[{"href":"https:\/\/corrientesdetarde.com\/index.php\/wp-json\/wp\/v2\/types\/post"}],"author":[{"embeddable":true,"href":"https:\/\/corrientesdetarde.com\/index.php\/wp-json\/wp\/v2\/users\/8"}],"replies":[{"embeddable":true,"href":"https:\/\/corrientesdetarde.com\/index.php\/wp-json\/wp\/v2\/comments?post=113940"}],"version-history":[{"count":1,"href":"https:\/\/corrientesdetarde.com\/index.php\/wp-json\/wp\/v2\/posts\/113940\/revisions"}],"predecessor-version":[{"id":113942,"href":"https:\/\/corrientesdetarde.com\/index.php\/wp-json\/wp\/v2\/posts\/113940\/revisions\/113942"}],"wp:featuredmedia":[{"embeddable":true,"href":"https:\/\/corrientesdetarde.com\/index.php\/wp-json\/wp\/v2\/media\/113941"}],"wp:attachment":[{"href":"https:\/\/corrientesdetarde.com\/index.php\/wp-json\/wp\/v2\/media?parent=113940"}],"wp:term":[{"taxonomy":"category","embeddable":true,"href":"https:\/\/corrientesdetarde.com\/index.php\/wp-json\/wp\/v2\/categories?post=113940"},{"taxonomy":"post_tag","embeddable":true,"href":"https:\/\/corrientesdetarde.com\/index.php\/wp-json\/wp\/v2\/tags?post=113940"}],"curies":[{"name":"wp","href":"https:\/\/api.w.org\/{rel}","templated":true}]}}