{"id":114121,"date":"2023-12-27T09:29:01","date_gmt":"2023-12-27T12:29:01","guid":{"rendered":"https:\/\/corrientesdetarde.com\/?p=114121"},"modified":"2023-12-27T09:29:12","modified_gmt":"2023-12-27T12:29:12","slug":"prohiben-la-pesca-en-corrientes","status":"publish","type":"post","link":"https:\/\/corrientesdetarde.com\/index.php\/medio-ambiente\/prohiben-la-pesca-en-corrientes\/","title":{"rendered":"\u00a0proh\u00edben la pesca en Corrientes"},"content":{"rendered":"\n<p>Se debe a la inusual concentraci\u00f3n de peces.\u00a0<\/p>\n\n\n\n<p><strong>Proh\u00edben todo tipo de pesca en la zona de la punta San Sebasti\u00e1n de la ciudad de Corrientes<\/strong><strong>&nbsp;debido a la &nbsp;inusual concentraci\u00f3n de peces<\/strong>, inform\u00f3 este martes la Direcci\u00f3n de Recursos Naturales.&nbsp;<\/p>\n\n\n\n<p>La veda extraordinaria fue&nbsp;&nbsp;<strong>impuesta para proteger y cuidar de \u201clas especies<\/strong>&nbsp;existentes en la cuenca del r\u00edo Paran\u00e1\u201d, las cuales se encuentran vulnerables ante la situaci\u00f3n.<\/p>\n\n\n\n<p>La disposici\u00f3n establece la implementaci\u00f3n de \u201cuna veda extraordinaria sobre el cause del r\u00edo Paran\u00e1, quedando prohibida toda modalidad de pesca 500 metros aguas arriba y 500 metros aguas de la denominada punta San Sebasti\u00e1n\u201d.<\/p>\n\n\n\n<p>Las restricciones tienen vigencia desde este martes a las 12:00, hasta que se dicte un nuevo acto administrativo que deje sin efectos el presente.<\/p>\n\n\n\n<p>Adem\u00e1s, solicitaron \u201ccompromiso y responsabilidad por parte de los usuarios del recurso&#8221;. <strong>Para denunciar el incumplimiento del mismo se pueden comunicar al correo recursosnaturalescorrientes@hotmail.com o al 3794341357.\u00a0<\/strong><\/p>\n","protected":false},"excerpt":{"rendered":"<p>Se debe a la inusual concentraci\u00f3n de peces.\u00a0 Proh\u00edben todo tipo de pesca en la zona de la punta San Sebasti\u00e1n de la ciudad de Corrientes&nbsp;debido a la &nbsp;inusual concentraci\u00f3n&hellip; <\/p>\n","protected":false},"author":1,"featured_media":114130,"comment_status":"closed","ping_status":"open","sticky":false,"template":"","format":"standard","meta":{"footnotes":""},"categories":[6],"tags":[],"class_list":["post-114121","post","type-post","status-publish","format-standard","has-post-thumbnail","hentry","category-medio-ambiente"],"_links":{"self":[{"href":"https:\/\/corrientesdetarde.com\/index.php\/wp-json\/wp\/v2\/posts\/114121","targetHints":{"allow":["GET"]}}],"collection":[{"href":"https:\/\/corrientesdetarde.com\/index.php\/wp-json\/wp\/v2\/posts"}],"about":[{"href":"https:\/\/corrientesdetarde.com\/index.php\/wp-json\/wp\/v2\/types\/post"}],"author":[{"embeddable":true,"href":"https:\/\/corrientesdetarde.com\/index.php\/wp-json\/wp\/v2\/users\/1"}],"replies":[{"embeddable":true,"href":"https:\/\/corrientesdetarde.com\/index.php\/wp-json\/wp\/v2\/comments?post=114121"}],"version-history":[{"count":1,"href":"https:\/\/corrientesdetarde.com\/index.php\/wp-json\/wp\/v2\/posts\/114121\/revisions"}],"predecessor-version":[{"id":114131,"href":"https:\/\/corrientesdetarde.com\/index.php\/wp-json\/wp\/v2\/posts\/114121\/revisions\/114131"}],"wp:featuredmedia":[{"embeddable":true,"href":"https:\/\/corrientesdetarde.com\/index.php\/wp-json\/wp\/v2\/media\/114130"}],"wp:attachment":[{"href":"https:\/\/corrientesdetarde.com\/index.php\/wp-json\/wp\/v2\/media?parent=114121"}],"wp:term":[{"taxonomy":"category","embeddable":true,"href":"https:\/\/corrientesdetarde.com\/index.php\/wp-json\/wp\/v2\/categories?post=114121"},{"taxonomy":"post_tag","embeddable":true,"href":"https:\/\/corrientesdetarde.com\/index.php\/wp-json\/wp\/v2\/tags?post=114121"}],"curies":[{"name":"wp","href":"https:\/\/api.w.org\/{rel}","templated":true}]}}