{"id":114122,"date":"2023-12-27T09:27:46","date_gmt":"2023-12-27T12:27:46","guid":{"rendered":"https:\/\/corrientesdetarde.com\/?p=114122"},"modified":"2023-12-27T09:27:48","modified_gmt":"2023-12-27T12:27:48","slug":"autobombas-retenidas-en-la-aduana-llegaran-a-corrientes-en-los-proximos-dias","status":"publish","type":"post","link":"https:\/\/corrientesdetarde.com\/index.php\/medio-ambiente\/autobombas-retenidas-en-la-aduana-llegaran-a-corrientes-en-los-proximos-dias\/","title":{"rendered":"Autobombas retenidas en la Aduana llegar\u00e1n a Corrientes en los pr\u00f3ximos d\u00edas"},"content":{"rendered":"\n<p>Ante el recambio del Gobierno Nacional, la Provincia trabaja para destrabar un lote de m\u00e1s de 50 veh\u00edculos, para las brigadas de combate contra los incendios que hace meses se encuentran retenidos por la Aduana y que no pod\u00edan ingresar al pa\u00eds por las pol\u00edticas de importaci\u00f3n vigentes durante la presidencia de Alberto Fern\u00e1ndez. Se estima que parte de la flota pueda llegar a Corrientes en los pr\u00f3ximos d\u00edas.&nbsp;<\/p>\n\n\n\n<p>Tras la emergencia \u00edgnea decretada del 2022 por el gobernador Gustavo Vald\u00e9s, con m\u00e1s de un mill\u00f3n de hect\u00e1reas incendiadas y ante la compra de equipamiento para el combate del fuego, ahora ante el recambio de las autoridades nacionales, la Provincia trabaja para destrabar los veh\u00edculos retenidos en la Aduana.&nbsp;<\/p>\n\n\n\n<p>Sobre la posible liberaci\u00f3n de los equipos para bomberos retenidos por la aduana, el subdirector de Defensa Civil de la Provincia, Bruno Lovinson en di\u00e1logo con Radio Sudamericana se refiri\u00f3 a las gestiones que viene realizando el Gobierno Provincial ante el recambio del Gobierno Nacional.&nbsp;<\/p>\n\n\n\n<p>En este marco destac\u00f3 la inversi\u00f3n provincial de \u201ccasi 10 millones de d\u00f3lares en un lote de m\u00e1s de 50 veh\u00edculos&#8221;. \u201cSon autobombas cuatro por cuatro, tanto usadas como cero kil\u00f3metros\u201d, detall\u00f3.<\/p>\n\n\n\n<p>\u201cComo es de p\u00fablico conocimiento, primero la imposibilidad de poder girar d\u00f3lares al exterior, hizo que la situaci\u00f3n sea bastante compleja. Y una vez que se pudieron hacer los giros, tambi\u00e9n se presentaron los problemas con la Aduana para poder ingresar los veh\u00edculos al pa\u00eds, de hecho tenemos todav\u00eda 10 veh\u00edculos cero kil\u00f3metros en el Puerto y que est\u00e1n listos para ser entregados\u201d, coment\u00f3.<\/p>\n\n\n\n<p>\u201cEstimamos que con el cambio de Gobierno y la liberaci\u00f3n de algunas retenciones lo podamos tener en los pr\u00f3ximos d\u00edas en Corrientes para poder ser entregados\u201d.<\/p>\n\n\n\n<p>\u201cSobre donde se encuentran actualmente estos veh\u00edculos dijo que \u201c10 camiones cero kilometros desde hace algunos meses est\u00e1n en el Puerto de Z\u00e1rate, hay un lote que est\u00e1 pendiente de entrega para embarcar hacia la Argentina desde Portugal y estimamos que a partir de las nuevas conversaciones de nuestro Gobernador (por Gustavo Vald\u00e9s) con el Gobierno Nacional se pueda destrabar esta situaci\u00f3n y podamos retirar para ponerlo a disposici\u00f3n de la provincia\u201d.<\/p>\n\n\n\n<p>\u201cEstimamos que con la liberaci\u00f3n de algunas retenciones fundamentalmente por el tema de importaciones &nbsp;estos veh\u00edculos puedan ser retirados del Puerto y que los veh\u00edculos que van a venir puedan pasar mucho m\u00e1s r\u00e1pido para traerlos a la Provincia &nbsp;y ponerlos en servicio lo antes posible\u201d, indic\u00f3.<\/p>\n\n\n\n<p>Sobre para cuando creen que puedan estar en Corrientes \u201cno sabr\u00eda decir con exactitud pero el Gobernador est\u00e1 trabajando en ese sentido. Estimamos que a principios de a\u00f1o podr\u00edan estar los veh\u00edculos a disposici\u00f3n de la Provincia y esperamos el nuevo ingreso de lote de los veh\u00edculos que est\u00e1n teniendo en Portugal\u201d.<\/p>\n\n\n\n<p>Las gestiones que se comenzaron a realizar ante el recambio de las autoridades del GObierno Nacional se producen luego de una serie de reproches de Vald\u00e9s. \u201cAh, por cierto, que no se olviden los del gobierno nacional de destrabarnos los camiones 0 km que tenemos en Aduana\u201d, fustig\u00f3 Vald\u00e9s tras la convocatoria a la unidad nacional por parte de Sergio Massa en el marco de la campa\u00f1a electoral que desarroll\u00f3 para llegar a la Presidencia de la Naci\u00f3n.<\/p>\n\n\n\n<p>\u201cAnd\u00e1 a mirar si es unidad nacional cuando nos negaban la lucha contra el fuego y miraron para el costado para que nos prendamos fuego\u201d, indic\u00f3 tambi\u00e9n en esa oportunidad.&nbsp;<\/p>\n\n\n\n<p>Sistema<\/p>\n\n\n\n<p>El funcionario provincial tambi\u00e9n brind\u00f3 detalles de las \u00e1reas especiales que fue creando el Gobierno.\u201cEn lo que es inversi\u00f3n de equipamiento, ya estamos contando con un lote importante de veh\u00edculos que ya est\u00e1n en la Provincia, los mismos est\u00e1n pasando por los tr\u00e1mites de patentamiento etc, para ser entregados en principio a los Cuarteles de Bomberos como tambi\u00e9n a las Brigadas de Incendios\u201d, destac\u00f3.<\/p>\n\n\n\n<p>\u201cLa construcci\u00f3n de los cuarteles de las unidades de incendios, tres por lo menos en alrededor del 60 o 70 por ciento en ejecuci\u00f3n. Estimamos que no m\u00e1s all\u00e1 de marzo o abril estar\u00e1n listos para entrar en funcionamiento, \u201cLos cuarteles m\u00e1s adelantados son Ituzaing\u00f3, Paso de los Libres, Santa Rosa son los que m\u00e1s avanzados est\u00e1n y en Virasoro y Santo Tom\u00e9 est\u00e1n en proceso de ejecuci\u00f3n\u201d, agreg\u00f3.<\/p>\n\n\n\n<p>En esta l\u00ednea tambi\u00e9n destac\u00f3 la implementaci\u00f3n desde hace un a\u00f1o del Comando de Operaciones de Emergencia. \u201cEst\u00e1 trabajando permanentemente las 24 horas y eso nos hace tener una herramienta mucho m\u00e1s r\u00e1pida, no solamente para la detecci\u00f3n de los incendios, sino tambi\u00e9n y en conjunto con Defensa Civil, en los temas hidrol\u00f3gicos y meteorol\u00f3gicos. Eso nos permite generar alertas tempranas para los municipios y el manejo de las emergencias\u201d.<\/p>\n\n\n\n<p>Emergencias<\/p>\n\n\n\n<p>En cuanto a la posibilidad de emergencias \u00edgneas, coment\u00f3 \u201cque podemos llegar a tener alg\u00fan tipo de fen\u00f3meno sobre el verano, si bien los \u00edndices de incendios est\u00e1n moderados para abajo, sabemos que hay una concentraci\u00f3n de combustible importante. Creemos que para fin de a\u00f1o podamos tener \u00edndices un poco m\u00e1s elevados de incendios\u201d.&nbsp;<\/p>\n\n\n\n<p>\u201cTodo el sistema hoy est\u00e1 enfocado a las emergencias meteorol\u00f3gicas y monitoreando lo que pase hidrol\u00f3gicamente. Venimos &nbsp;de dos crecidas extraordinarias, tanto del R\u00edo Paran\u00e1 y Uruguay que eso es lo que nos preocupa entendiendo que el fen\u00f3meno de El Ni\u00f1o se estar\u00eda extendiendo hasta los meses de marzo y abril\u201d, indic\u00f3 y agreg\u00f3 que \u201clos ca\u00f1ones est\u00e1n apuntados ah\u00ed y obviamente que la observancia y los an\u00e1lisis de lo que pasa con los combustibles, que as\u00ed denominamos a lo que es pastura etc\u00e9tera, se ira viendo en el transcurso del 2024 para ver c\u00f3mo se comporta\u201d.<\/p>\n\n\n\n<p>Sobre posibles nuevos picos de crecimiento, Lovinson dijo que \u201centendemos que si por la cantidad de agua o de masa de aspecto nuboso que se est\u00e1 movilizando. Pero hoy el R\u00edo Paran\u00e1 se est\u00e1 comportando con niveles casi normales como el R\u00edo Uruguay, pero los fen\u00f3menos meteorol\u00f3gicos que se est\u00e1n dando en el resto del pa\u00eds nos mantiene en alerta\u201d.<\/p>\n\n\n\n<p>\u201cEn la provincia del Chaco en las \u00faltimas 24 horas ha habido tormentas muy fuertes con da\u00f1os significativos, Tucum\u00e1n, Catamarca y eso hace que en todo el sistema de la provincia de Corrientes mantengamos un &nbsp;nivel de alerta naranja para ver c\u00f3mo se desarrolla\u201d, cerr\u00f3.<\/p>\n","protected":false},"excerpt":{"rendered":"<p>Ante el recambio del Gobierno Nacional, la Provincia trabaja para destrabar un lote de m\u00e1s de 50 veh\u00edculos, para las brigadas de combate contra los incendios que hace meses se&hellip; <\/p>\n","protected":false},"author":1,"featured_media":114128,"comment_status":"closed","ping_status":"open","sticky":false,"template":"","format":"standard","meta":{"footnotes":""},"categories":[6],"tags":[],"class_list":["post-114122","post","type-post","status-publish","format-standard","has-post-thumbnail","hentry","category-medio-ambiente"],"_links":{"self":[{"href":"https:\/\/corrientesdetarde.com\/index.php\/wp-json\/wp\/v2\/posts\/114122","targetHints":{"allow":["GET"]}}],"collection":[{"href":"https:\/\/corrientesdetarde.com\/index.php\/wp-json\/wp\/v2\/posts"}],"about":[{"href":"https:\/\/corrientesdetarde.com\/index.php\/wp-json\/wp\/v2\/types\/post"}],"author":[{"embeddable":true,"href":"https:\/\/corrientesdetarde.com\/index.php\/wp-json\/wp\/v2\/users\/1"}],"replies":[{"embeddable":true,"href":"https:\/\/corrientesdetarde.com\/index.php\/wp-json\/wp\/v2\/comments?post=114122"}],"version-history":[{"count":1,"href":"https:\/\/corrientesdetarde.com\/index.php\/wp-json\/wp\/v2\/posts\/114122\/revisions"}],"predecessor-version":[{"id":114129,"href":"https:\/\/corrientesdetarde.com\/index.php\/wp-json\/wp\/v2\/posts\/114122\/revisions\/114129"}],"wp:featuredmedia":[{"embeddable":true,"href":"https:\/\/corrientesdetarde.com\/index.php\/wp-json\/wp\/v2\/media\/114128"}],"wp:attachment":[{"href":"https:\/\/corrientesdetarde.com\/index.php\/wp-json\/wp\/v2\/media?parent=114122"}],"wp:term":[{"taxonomy":"category","embeddable":true,"href":"https:\/\/corrientesdetarde.com\/index.php\/wp-json\/wp\/v2\/categories?post=114122"},{"taxonomy":"post_tag","embeddable":true,"href":"https:\/\/corrientesdetarde.com\/index.php\/wp-json\/wp\/v2\/tags?post=114122"}],"curies":[{"name":"wp","href":"https:\/\/api.w.org\/{rel}","templated":true}]}}