{"id":114123,"date":"2023-12-27T09:26:14","date_gmt":"2023-12-27T12:26:14","guid":{"rendered":"https:\/\/corrientesdetarde.com\/?p=114123"},"modified":"2023-12-27T09:26:26","modified_gmt":"2023-12-27T12:26:26","slug":"el-grito-de-identidad-comienza-a-sonar-con-fuerza-en-toda-corrientes","status":"publish","type":"post","link":"https:\/\/corrientesdetarde.com\/index.php\/espectaculos\/el-grito-de-identidad-comienza-a-sonar-con-fuerza-en-toda-corrientes\/","title":{"rendered":"El \u201cGrito de identidad\u201d comienza a sonar con fuerza en toda Corrientes"},"content":{"rendered":"\n<p>Como cada a\u00f1o, la Fiesta Nacional del Chamam\u00e9 trasciende el anfiteatro Mario del Tr\u00e1nsito Cocomarola y llega a toda la ciudad de Corrientes con iniciativas que buscan que nadie se quede afuera de la Fiesta Grande. Hatsa el jueves 11 de enero, se desarrollar\u00e1 una nueva edici\u00f3n del \u201cChamam\u00e9 con todos\u201d, al igual que se llevar\u00e1n adelante: la \u201cSerenata frente al r\u00edo\u201d, el \u201cDesfile de fuelles\u201d, el \u201cCine chamamecero\u201d y la \u201cRetreta chamamecera\u201d.<\/p>\n\n\n\n<p>El Gobierno de Corrientes, a trav\u00e9s del Instituto de Cultura, ultima los detalles organizativos para la 33\u00aa Fiesta Nacional del Chamam\u00e9, 19\u00aa de Mercosur y 3\u00aa Celebraci\u00f3n Mundial, que se vivir\u00e1 a pleno desde la semana que viene en distintos espacios de la capital correntina, y tendr\u00e1 sus jornadas centrales del 12 al 21 de enero en Cocomarola.<\/p>\n\n\n\n<p>Esta nueva edici\u00f3n, con el lema \u201cGrito de identidad\u201d, contar\u00e1 con una diversa y enriquecedora programaci\u00f3n que incluir\u00e1 el ciclo \u201cChamam\u00e9 con todos\u201d, que desembarcar\u00e1 con m\u00fasica y alegr\u00eda en hospitales, hogares para adultos mayores y otras instituciones; y de la misma manera, la \u201cSerenata frente al r\u00edo\u201d, la \u201cRetreta chamamecera\u201d, el \u201cDesfile de fuelles\u201d y el concierto de la Camerata Suid sonar\u00e1n con fuerza en distintos espacios p\u00fablicos de la ciudad. Adem\u00e1s, se realizar\u00e1 nuevamente el cl\u00e1sico \u201cCine Chamamecero\u201d, que ofrecer\u00e1 pel\u00edculas vinculadas a la historia y los grandes exponentes del g\u00e9nero. &nbsp;<\/p>\n\n\n\n<p><strong>Celebraci\u00f3n de todos<\/strong><\/p>\n\n\n\n<p>\u201cAdem\u00e1s de las 10 noches en el anfiteatro Cocomarola, la Fiesta Nacional del Chamam\u00e9 se vivir\u00e1 desde los primeros d\u00edas de enero en todo el territorio correntino\u201d, se\u00f1al\u00f3 el presidente del Instituto de Cultura, Arq. Gabriel Romero, adem\u00e1s de precisar que se llevar\u00e1n adelante \u201cpropuestas que ya son un cl\u00e1sico, como el Chamam\u00e9 con todos, que tienen como principal prop\u00f3sito que nadie se quede afuera de esta celebraci\u00f3n\u201d.<\/p>\n\n\n\n<p>\u201cComo hace m\u00e1s de una d\u00e9cada la organizaci\u00f3n de la Fiesta plantea la festividad como una propuesta participativa de todos los sectores, realzando el concepto esencial de que el chamam\u00e9 es de todos, por todos y para todos\u201d, destac\u00f3 el director general de la Fiesta Nacional del Chamam\u00e9, Eduardo S\u00edvori.<\/p>\n\n\n\n<p>En este contexto el funcionario provincial resalt\u00f3 que el lema \u201cGrito de identidad\u201d tiene una estrecha relaci\u00f3n con esta mirada de la Fiesta y su manera de celebrarla. \u201cLa propuesta es llevar un abrazo contenedor, el mensaje de esperanza y una propuesta de inclusi\u00f3n para aquellas personas que no pueden participar en las distintas actividades que propone la Fiesta, y por ello tomamos la iniciativa de compartir con ellos un momento fraternal a puro chamam\u00e9\u201d, agreg\u00f3.<\/p>\n\n\n\n<p>Estas son apenas algunas de las actividades programadas en el marco de la Fiesta, ya que los museos provinciales confirmaron que ofrecer\u00e1n muestras y propuestas especiales para el mes de enero y un gran n\u00famero de municipios est\u00e1 preparando pe\u00f1as y acciones espec\u00edficas que buscan dar visibilidad a sus distintas expresiones identitarias presentes en su gastronom\u00eda, sus artesan\u00edas y su acervo cultural.\u00a0<\/p>\n\n\n\n<figure class=\"wp-block-image size-large\"><img loading=\"lazy\" decoding=\"async\" width=\"1024\" height=\"502\" src=\"https:\/\/corrientesdetarde.com\/wp-content\/uploads\/2023\/12\/image-644-1024x502.png\" alt=\"\" class=\"wp-image-114124\" srcset=\"https:\/\/corrientesdetarde.com\/wp-content\/uploads\/2023\/12\/image-644-1024x502.png 1024w, https:\/\/corrientesdetarde.com\/wp-content\/uploads\/2023\/12\/image-644-300x147.png 300w, https:\/\/corrientesdetarde.com\/wp-content\/uploads\/2023\/12\/image-644-768x377.png 768w, https:\/\/corrientesdetarde.com\/wp-content\/uploads\/2023\/12\/image-644.png 1026w\" sizes=\"auto, (max-width: 1024px) 100vw, 1024px\" \/><\/figure>\n\n\n\n<figure class=\"wp-block-image size-full\"><img loading=\"lazy\" decoding=\"async\" width=\"759\" height=\"503\" src=\"https:\/\/corrientesdetarde.com\/wp-content\/uploads\/2023\/12\/image-645.png\" alt=\"\" class=\"wp-image-114125\" srcset=\"https:\/\/corrientesdetarde.com\/wp-content\/uploads\/2023\/12\/image-645.png 759w, https:\/\/corrientesdetarde.com\/wp-content\/uploads\/2023\/12\/image-645-300x199.png 300w\" sizes=\"auto, (max-width: 759px) 100vw, 759px\" \/><\/figure>\n\n\n\n<p><strong>PROGRAMACI\u00d3N<\/strong><\/p>\n\n\n\n<p><strong>Enero 2024<\/strong><\/p>\n\n\n\n<p><strong>Mi\u00e9rcoles 3<\/strong><\/p>\n\n\n\n<p>\u201cChamam\u00e9 Con todos\u201d<\/p>\n\n\n\n<p>Hora: 10.00&nbsp;<\/p>\n\n\n\n<p>Lugar: Hogar de ancianos Juana Costa de Chapo&nbsp;<\/p>\n\n\n\n<p>&#8211;&nbsp;&nbsp;&nbsp;&nbsp;&nbsp;&nbsp;&nbsp;&nbsp;&nbsp;&nbsp; Dami\u00e1n Ayala<\/p>\n\n\n\n<p>&#8211;&nbsp;&nbsp;&nbsp;&nbsp;&nbsp;&nbsp;&nbsp;&nbsp;&nbsp;&nbsp; Los Hijos de los Barrios<\/p>\n\n\n\n<p><strong>Jueves 4<\/strong><\/p>\n\n\n\n<p>\u201cChamam\u00e9 con todos\u201d<\/p>\n\n\n\n<p>Hora: 10.00&nbsp;&nbsp;<\/p>\n\n\n\n<p>Lugar: Instituto de Cardiolog\u00eda<\/p>\n\n\n\n<p>&#8211;&nbsp;&nbsp;&nbsp;&nbsp;&nbsp;&nbsp;&nbsp;&nbsp;&nbsp;&nbsp; Toty Montiel<\/p>\n\n\n\n<p>&#8211;&nbsp;&nbsp;&nbsp;&nbsp;&nbsp;&nbsp;&nbsp;&nbsp;&nbsp;&nbsp; Juan Pablo Barber\u00e1n<\/p>\n\n\n\n<p>&#8211; &nbsp;&nbsp;&nbsp;&nbsp;&nbsp;&nbsp;&nbsp;&nbsp;&nbsp; Fabi\u00e1n Garc\u00eda<\/p>\n\n\n\n<p>\u201cSerenata frente al r\u00edo\u201d<\/p>\n\n\n\n<p>Hora 19.00&nbsp;&nbsp;<\/p>\n\n\n\n<p>Lugar: Punta Tacuara (Complejo de esculturas)<\/p>\n\n\n\n<p>&#8211;&nbsp;&nbsp;&nbsp;&nbsp;&nbsp;&nbsp;&nbsp;&nbsp;&nbsp;&nbsp; Ra\u00edz Guaran\u00ed<\/p>\n\n\n\n<p>&#8211;&nbsp;&nbsp;&nbsp;&nbsp;&nbsp;&nbsp;&nbsp;&nbsp;&nbsp;&nbsp; La Pilarcita<\/p>\n\n\n\n<p><strong>Viernes 5<\/strong><\/p>\n\n\n\n<p>\u201cChamam\u00e9 con todos\u201d<\/p>\n\n\n\n<p>Hora 10.30&nbsp;&nbsp;<\/p>\n\n\n\n<p>Lugar: Hogar Domingo Savio&nbsp;<\/p>\n\n\n\n<p>&#8211;&nbsp;&nbsp;&nbsp;&nbsp;&nbsp;&nbsp;&nbsp;&nbsp;&nbsp;&nbsp; Vicky S\u00e1nchez<\/p>\n\n\n\n<p>&#8211;&nbsp;&nbsp;&nbsp;&nbsp;&nbsp;&nbsp;&nbsp;&nbsp;&nbsp;&nbsp; Silvina Escalante&nbsp;<\/p>\n\n\n\n<p>&nbsp;\u201cDesfile de fuelles\u201d<\/p>\n\n\n\n<p>Hora 19.00<\/p>\n\n\n\n<p>Lugar: Desde la plaza Vera hacia plaza Cabral<\/p>\n\n\n\n<p><strong>S\u00e1bado 6<\/strong>&nbsp;<\/p>\n\n\n\n<p>San Baltasar en Camba Cu\u00e1 con el Municipio<\/p>\n\n\n\n<p>Hora: 19.00<\/p>\n\n\n\n<p><strong>Lunes 8<\/strong><\/p>\n\n\n\n<p>\u201cChamam\u00e9 con todos\u201d<\/p>\n\n\n\n<p>Hora: 10.00<\/p>\n\n\n\n<p>Lugar: Hospital Pedi\u00e1trico Juan Pablo II&nbsp;<\/p>\n\n\n\n<p>&#8211;&nbsp;&nbsp;&nbsp;&nbsp;&nbsp;&nbsp;&nbsp;&nbsp;&nbsp;&nbsp; Alan Guill\u00e9n<\/p>\n\n\n\n<p>&#8211;&nbsp;&nbsp;&nbsp;&nbsp;&nbsp;&nbsp;&nbsp;&nbsp;&nbsp;&nbsp; \u00c1ngel Montes<\/p>\n\n\n\n<p>&#8211;&nbsp;&nbsp;&nbsp;&nbsp;&nbsp;&nbsp;&nbsp;&nbsp;&nbsp;&nbsp; Sue\u00f1o Correntino<\/p>\n\n\n\n<p><strong>Martes 9<\/strong><\/p>\n\n\n\n<p>\u201cChamam\u00e9 con todos\u201d<\/p>\n\n\n\n<p>Hora: 10.00&nbsp;&nbsp;<\/p>\n\n\n\n<p>Lugar: \u201cHospital Salud Mental San Francisco de As\u00eds<\/p>\n\n\n\n<p>&#8211;&nbsp;&nbsp;&nbsp;&nbsp;&nbsp;&nbsp;&nbsp;&nbsp;&nbsp;&nbsp; Gianella Niwoyda<\/p>\n\n\n\n<p>&#8211;&nbsp;&nbsp;&nbsp;&nbsp;&nbsp;&nbsp;&nbsp;&nbsp;&nbsp;&nbsp; Diego Guti\u00e9rrez<\/p>\n\n\n\n<p>Cine Chamamecero<\/p>\n\n\n\n<p>Hora: 20.00&nbsp;&nbsp;<\/p>\n\n\n\n<p>Lugar: patio de Instituto de Cultura<\/p>\n\n\n\n<p><strong>Mi\u00e9rcoles 10<\/strong><\/p>\n\n\n\n<p>\u201cChamam\u00e9 con todos\u201d<\/p>\n\n\n\n<p>Hora 10.00: Geri\u00e1trico Nuevo Horizonte<\/p>\n\n\n\n<p>&#8211;&nbsp;&nbsp;&nbsp;&nbsp;&nbsp;&nbsp;&nbsp;&nbsp;&nbsp;&nbsp; Tono Ben\u00edtez y los Criollos de Corrientes<\/p>\n\n\n\n<p>&#8211;&nbsp;&nbsp;&nbsp;&nbsp;&nbsp;&nbsp;&nbsp;&nbsp;&nbsp;&nbsp; Pablo Delvalle<\/p>\n\n\n\n<p>&#8211;&nbsp;&nbsp;&nbsp;&nbsp;&nbsp;&nbsp;&nbsp;&nbsp;&nbsp;&nbsp; Ivan Vargas<\/p>\n\n\n\n<p>Concierto de la Camerata Suid<\/p>\n\n\n\n<p>Hora: 20.00<\/p>\n\n\n\n<p>Lugar: plaza Cabral<\/p>\n\n\n\n<p><strong>Jueves 11<\/strong><\/p>\n\n\n\n<p>Retreta chamamecera<\/p>\n\n\n\n<p>Hora: 20.00&nbsp;&nbsp;<\/p>\n\n\n\n<p>Lugar: plaza Cabral<\/p>\n\n\n\n<p>Banda de la Penitenciar\u00eda y de la Polic\u00eda<\/p>\n","protected":false},"excerpt":{"rendered":"<p>Como cada a\u00f1o, la Fiesta Nacional del Chamam\u00e9 trasciende el anfiteatro Mario del Tr\u00e1nsito Cocomarola y llega a toda la ciudad de Corrientes con iniciativas que buscan que nadie se&hellip; <\/p>\n","protected":false},"author":1,"featured_media":114126,"comment_status":"closed","ping_status":"open","sticky":false,"template":"","format":"standard","meta":{"footnotes":""},"categories":[19,22],"tags":[],"class_list":["post-114123","post","type-post","status-publish","format-standard","has-post-thumbnail","hentry","category-espectaculos","category-eventos"],"_links":{"self":[{"href":"https:\/\/corrientesdetarde.com\/index.php\/wp-json\/wp\/v2\/posts\/114123","targetHints":{"allow":["GET"]}}],"collection":[{"href":"https:\/\/corrientesdetarde.com\/index.php\/wp-json\/wp\/v2\/posts"}],"about":[{"href":"https:\/\/corrientesdetarde.com\/index.php\/wp-json\/wp\/v2\/types\/post"}],"author":[{"embeddable":true,"href":"https:\/\/corrientesdetarde.com\/index.php\/wp-json\/wp\/v2\/users\/1"}],"replies":[{"embeddable":true,"href":"https:\/\/corrientesdetarde.com\/index.php\/wp-json\/wp\/v2\/comments?post=114123"}],"version-history":[{"count":1,"href":"https:\/\/corrientesdetarde.com\/index.php\/wp-json\/wp\/v2\/posts\/114123\/revisions"}],"predecessor-version":[{"id":114127,"href":"https:\/\/corrientesdetarde.com\/index.php\/wp-json\/wp\/v2\/posts\/114123\/revisions\/114127"}],"wp:featuredmedia":[{"embeddable":true,"href":"https:\/\/corrientesdetarde.com\/index.php\/wp-json\/wp\/v2\/media\/114126"}],"wp:attachment":[{"href":"https:\/\/corrientesdetarde.com\/index.php\/wp-json\/wp\/v2\/media?parent=114123"}],"wp:term":[{"taxonomy":"category","embeddable":true,"href":"https:\/\/corrientesdetarde.com\/index.php\/wp-json\/wp\/v2\/categories?post=114123"},{"taxonomy":"post_tag","embeddable":true,"href":"https:\/\/corrientesdetarde.com\/index.php\/wp-json\/wp\/v2\/tags?post=114123"}],"curies":[{"name":"wp","href":"https:\/\/api.w.org\/{rel}","templated":true}]}}