{"id":114272,"date":"2023-12-27T16:01:45","date_gmt":"2023-12-27T19:01:45","guid":{"rendered":"https:\/\/corrientesdetarde.com\/?p=114272"},"modified":"2023-12-27T16:01:56","modified_gmt":"2023-12-27T19:01:56","slug":"corrientes-y-paraguay-fortalecen-lazos-de-hermandad-y-vinculos-para-el-desarrollo","status":"publish","type":"post","link":"https:\/\/corrientesdetarde.com\/index.php\/sociales\/corrientes-y-paraguay-fortalecen-lazos-de-hermandad-y-vinculos-para-el-desarrollo\/","title":{"rendered":"Corrientes y Paraguay fortalecen lazos de hermandad y v\u00ednculos para el desarrollo"},"content":{"rendered":"\n<p><em>Emilio Lanari se reuni\u00f3 en su despacho con&nbsp;la nueva c\u00f3nsul de Paraguay, Lourdes Rivas, flamante representante diplom\u00e1tica del pa\u00eds vecino en Corrientes. Durante la visita, ambos acordaron fortalecer los lazos de hermandad entre ambos pueblos. &nbsp;<\/em><\/p>\n\n\n\n<p>El viceintendente municipal, Emilio Lanari, recibi\u00f3 este mi\u00e9rcoles por la ma\u00f1ana en su despacho la visita protocolar de la nueva c\u00f3nsul de la Rep\u00fablica del Paraguay en Corrientes, Lourdes Rivas.<br><br>En la oportunidad, Lanari y Rivas dialogaron acerca de los v\u00ednculos de hermandad existentes entre ambos pueblos, que acordaron robustecer a trav\u00e9s de una relaci\u00f3n estrecha y fraterna.<br><br>El viceintendente capitalino, Emilio Lanari, dijo: \u201cPara nosotros es una gran alegr\u00eda poder recibir a la c\u00f3nsul, que es una diplom\u00e1tica de una trayectoria importante, al punto que antes de llegar a Corrientes ocup\u00f3 la embajada de Paraguay en Espa\u00f1a y Marruecos, y hoy tenemos el orgullo de contarla en esta ciudad\u201d.<br><br>Lanari se\u00f1al\u00f3 que junto a Rivas \u201cmanifestamos el inter\u00e9s de estrechar los v\u00ednculos hist\u00f3ricos que tenemos con la Rep\u00fablica del Paraguay; la idea es trabajar y avanzar juntos en materia de turismo por sobre todo, y la conexi\u00f3n entre esta ciudad, Asunci\u00f3n y todo el Paraguay\u201d.<br><br>\u201cSabemos que existen v\u00ednculos econ\u00f3micos, y tambi\u00e9n de parentesco con ellos, y tuvimos la posibilidad de conversar sobre temas que nos interesan much\u00edsimo, como la posibilidad que vengan inversiones para nuestro parque industrial y la promoci\u00f3n del turismo como eje central de lo que nos propusimos en el inicio de la gesti\u00f3n junto a Eduardo Tassano que es transformar a Corrientes en una ciudad de eventos\u201d, concluy\u00f3 Lanari.<br><br>Por su parte, la c\u00f3nsul de la Rep\u00fablica del Paraguay, Lourdes Rivas manifest\u00f3: \u201cEstoy reci\u00e9n llegada a Corrientes y muy feliz de estar en esta hermosa ciudad. Me encuentro aqu\u00ed para presentarme y ponerme a disposici\u00f3n de la intendencia para poder trabajar, colaborar, y con ganas de hacer mucho por ambos pueblos\u201d.<br><br>\u201cEl viceintendente me estuvo poniendo en contexto de lo que es Corrientes, las actividades que organizan y las actividades que podemos llevar adelante juntos, como mayor cantidad de encuentros culturales, y promocionar la cultura paraguaya. Estamos hermanados por nuestra historia y queremos poner en realce esos lazos para poder trabajar juntos con la provincia de Corrientes en la que estoy representando a mi pa\u00eds\u201d, agreg\u00f3 Rivas.<br><br>Al finalizar la reuni\u00f3n, la diplom\u00e1tica, que recientemente tom\u00f3 posesi\u00f3n del cargo del consulado de la Rep\u00fablica del Paraguay en Corrientes, hizo entrega al vicejefe comunal de sendos presentes.<br><br><em><a href=\"https:\/\/ciudaddecorrientes.us17.list-manage.com\/track\/click?u=18ec154282a0ecffdb669586d&amp;id=9145363758&amp;e=8576ec4bdd\" target=\"_blank\" rel=\"noreferrer noopener\">Notas de TV:<\/a>&nbsp;Emilio Lanari,&nbsp;viceintendente municipal y Lourdes Rivas,&nbsp;c\u00f3nsul del Paraguay en Corrientes<\/em><\/p>\n\n\n\n<figure class=\"wp-block-image size-large\"><img loading=\"lazy\" decoding=\"async\" width=\"1024\" height=\"682\" src=\"https:\/\/corrientesdetarde.com\/wp-content\/uploads\/2023\/12\/image-668-1024x682.png\" alt=\"\" class=\"wp-image-114273\" srcset=\"https:\/\/corrientesdetarde.com\/wp-content\/uploads\/2023\/12\/image-668-1024x682.png 1024w, https:\/\/corrientesdetarde.com\/wp-content\/uploads\/2023\/12\/image-668-300x200.png 300w, https:\/\/corrientesdetarde.com\/wp-content\/uploads\/2023\/12\/image-668-768x512.png 768w, https:\/\/corrientesdetarde.com\/wp-content\/uploads\/2023\/12\/image-668.png 1280w\" sizes=\"auto, (max-width: 1024px) 100vw, 1024px\" \/><\/figure>\n\n\n\n<figure class=\"wp-block-image size-large\"><img loading=\"lazy\" decoding=\"async\" width=\"1024\" height=\"682\" src=\"https:\/\/corrientesdetarde.com\/wp-content\/uploads\/2023\/12\/image-669-1024x682.png\" alt=\"\" class=\"wp-image-114274\" srcset=\"https:\/\/corrientesdetarde.com\/wp-content\/uploads\/2023\/12\/image-669-1024x682.png 1024w, https:\/\/corrientesdetarde.com\/wp-content\/uploads\/2023\/12\/image-669-300x200.png 300w, https:\/\/corrientesdetarde.com\/wp-content\/uploads\/2023\/12\/image-669-768x512.png 768w, https:\/\/corrientesdetarde.com\/wp-content\/uploads\/2023\/12\/image-669.png 1280w\" sizes=\"auto, (max-width: 1024px) 100vw, 1024px\" \/><\/figure>\n","protected":false},"excerpt":{"rendered":"<p>Emilio Lanari se reuni\u00f3 en su despacho con&nbsp;la nueva c\u00f3nsul de Paraguay, Lourdes Rivas, flamante representante diplom\u00e1tica del pa\u00eds vecino en Corrientes. Durante la visita, ambos acordaron fortalecer los lazos&hellip; <\/p>\n","protected":false},"author":8,"featured_media":114275,"comment_status":"closed","ping_status":"open","sticky":false,"template":"","format":"standard","meta":{"footnotes":""},"categories":[17],"tags":[],"class_list":["post-114272","post","type-post","status-publish","format-standard","has-post-thumbnail","hentry","category-sociales"],"_links":{"self":[{"href":"https:\/\/corrientesdetarde.com\/index.php\/wp-json\/wp\/v2\/posts\/114272","targetHints":{"allow":["GET"]}}],"collection":[{"href":"https:\/\/corrientesdetarde.com\/index.php\/wp-json\/wp\/v2\/posts"}],"about":[{"href":"https:\/\/corrientesdetarde.com\/index.php\/wp-json\/wp\/v2\/types\/post"}],"author":[{"embeddable":true,"href":"https:\/\/corrientesdetarde.com\/index.php\/wp-json\/wp\/v2\/users\/8"}],"replies":[{"embeddable":true,"href":"https:\/\/corrientesdetarde.com\/index.php\/wp-json\/wp\/v2\/comments?post=114272"}],"version-history":[{"count":1,"href":"https:\/\/corrientesdetarde.com\/index.php\/wp-json\/wp\/v2\/posts\/114272\/revisions"}],"predecessor-version":[{"id":114276,"href":"https:\/\/corrientesdetarde.com\/index.php\/wp-json\/wp\/v2\/posts\/114272\/revisions\/114276"}],"wp:featuredmedia":[{"embeddable":true,"href":"https:\/\/corrientesdetarde.com\/index.php\/wp-json\/wp\/v2\/media\/114275"}],"wp:attachment":[{"href":"https:\/\/corrientesdetarde.com\/index.php\/wp-json\/wp\/v2\/media?parent=114272"}],"wp:term":[{"taxonomy":"category","embeddable":true,"href":"https:\/\/corrientesdetarde.com\/index.php\/wp-json\/wp\/v2\/categories?post=114272"},{"taxonomy":"post_tag","embeddable":true,"href":"https:\/\/corrientesdetarde.com\/index.php\/wp-json\/wp\/v2\/tags?post=114272"}],"curies":[{"name":"wp","href":"https:\/\/api.w.org\/{rel}","templated":true}]}}