{"id":11440,"date":"2022-10-15T11:18:54","date_gmt":"2022-10-15T14:18:54","guid":{"rendered":"https:\/\/corrientesdetarde.com\/?p=11440"},"modified":"2022-10-15T11:18:58","modified_gmt":"2022-10-15T14:18:58","slug":"demoran-a-un-sujeto-que-momentos-antes-habria-sustraido-los-elementos-a-una-joven","status":"publish","type":"post","link":"https:\/\/corrientesdetarde.com\/index.php\/crimen-y-justicia\/demoran-a-un-sujeto-que-momentos-antes-habria-sustraido-los-elementos-a-una-joven\/","title":{"rendered":"<strong>Demoran a un sujeto que momentos antes habr\u00eda sustra\u00eddo los elementos a una joven<\/strong>"},"content":{"rendered":"\n<p>intento escapar siendo demorado en el lugar por estos quienes luego alertaron a los polic\u00edas que lo lograron la demora y al secuestro de una motocicleta Marca Yamaha Ybr.<\/p>\n\n\n\n<p>\u00a0\u00a0La motocicleta secuestrada junto con el demorado fueron puestos a disposici\u00f3n de la Justicia y trasladados a la Comisar\u00eda Segunda Urbana, donde se llevan a cabo las diligencias al respecto.<\/p>\n\n\n\n<p><strong>En un r\u00e1pido accionar detienen a un sujeto tras cometer un hecho delictivo&nbsp;<\/strong><\/p>\n\n\n\n<p>&nbsp;&nbsp;&nbsp;&nbsp;Efectivos Policiales en la jornada de ayer cerca de las 23:15 horas de ayer, mientras se encontraban de recorridas de prevenci\u00f3n procedieron a la demora de un sujeto y al recupero de un tel\u00e9fono celular sustra\u00eddo minutos antes a una mujer.<\/p>\n\n\n\n<p>&nbsp;&nbsp;&nbsp;&nbsp;El procedimiento lo realizaron tras ser alertados que por Avenida Maip\u00fa y Gobernador Cont\u00e9, una mujer alerto que tras ser sorprendida por un sujeto desconocido este le sustrajo su tel\u00e9fono celular, para luego escapar de a pie es por ello que luego de los datos aportados por la v\u00edctima, se inici\u00f3 una b\u00fasqueda intensa b\u00fasqueda.&nbsp;&nbsp;<\/p>\n\n\n\n<p>&nbsp;&nbsp;&nbsp;&nbsp;&nbsp;Es por ello que por calles Gobernador Conte hacia el cardinal Norte observan a este sujeto de caracter\u00edsticas similares y se procedi\u00f3 a la demora del mismo y poder del mismo el equipo celular sustra\u00eddo minutos antes.&nbsp;&nbsp;<\/p>\n\n\n\n<p>&nbsp;&nbsp;&nbsp;&nbsp;&nbsp;&nbsp;&nbsp;&nbsp;&nbsp;&nbsp;&nbsp;Por lo que fue puesto a disposici\u00f3n de la Justicia, y trasladado a la Comisar\u00eda Tercera Urbana, donde se llevan a cabo las diligencias al respecto.<\/p>\n","protected":false},"excerpt":{"rendered":"<p>intento escapar siendo demorado en el lugar por estos quienes luego alertaron a los polic\u00edas que lo lograron la demora y al secuestro de una motocicleta Marca Yamaha Ybr. \u00a0\u00a0La&hellip; <\/p>\n","protected":false},"author":3,"featured_media":11441,"comment_status":"closed","ping_status":"open","sticky":false,"template":"","format":"standard","meta":{"footnotes":""},"categories":[5],"tags":[],"class_list":["post-11440","post","type-post","status-publish","format-standard","has-post-thumbnail","hentry","category-crimen-y-justicia"],"_links":{"self":[{"href":"https:\/\/corrientesdetarde.com\/index.php\/wp-json\/wp\/v2\/posts\/11440","targetHints":{"allow":["GET"]}}],"collection":[{"href":"https:\/\/corrientesdetarde.com\/index.php\/wp-json\/wp\/v2\/posts"}],"about":[{"href":"https:\/\/corrientesdetarde.com\/index.php\/wp-json\/wp\/v2\/types\/post"}],"author":[{"embeddable":true,"href":"https:\/\/corrientesdetarde.com\/index.php\/wp-json\/wp\/v2\/users\/3"}],"replies":[{"embeddable":true,"href":"https:\/\/corrientesdetarde.com\/index.php\/wp-json\/wp\/v2\/comments?post=11440"}],"version-history":[{"count":1,"href":"https:\/\/corrientesdetarde.com\/index.php\/wp-json\/wp\/v2\/posts\/11440\/revisions"}],"predecessor-version":[{"id":11442,"href":"https:\/\/corrientesdetarde.com\/index.php\/wp-json\/wp\/v2\/posts\/11440\/revisions\/11442"}],"wp:featuredmedia":[{"embeddable":true,"href":"https:\/\/corrientesdetarde.com\/index.php\/wp-json\/wp\/v2\/media\/11441"}],"wp:attachment":[{"href":"https:\/\/corrientesdetarde.com\/index.php\/wp-json\/wp\/v2\/media?parent=11440"}],"wp:term":[{"taxonomy":"category","embeddable":true,"href":"https:\/\/corrientesdetarde.com\/index.php\/wp-json\/wp\/v2\/categories?post=11440"},{"taxonomy":"post_tag","embeddable":true,"href":"https:\/\/corrientesdetarde.com\/index.php\/wp-json\/wp\/v2\/tags?post=11440"}],"curies":[{"name":"wp","href":"https:\/\/api.w.org\/{rel}","templated":true}]}}