{"id":11443,"date":"2022-10-15T11:21:37","date_gmt":"2022-10-15T14:21:37","guid":{"rendered":"https:\/\/corrientesdetarde.com\/?p=11443"},"modified":"2022-10-15T11:21:42","modified_gmt":"2022-10-15T14:21:42","slug":"la-mejor-empanada-de-argentina-puede-ser-correntina","status":"publish","type":"post","link":"https:\/\/corrientesdetarde.com\/index.php\/sociales\/la-mejor-empanada-de-argentina-puede-ser-correntina\/","title":{"rendered":"La mejor empanada de Argentina puede ser correntina"},"content":{"rendered":"\n<p>Hasta el 16 de octubre, cocineros y cocineras de todo el pa\u00eds pueden postularse a la competencia donde se elegir\u00e1 la mejor empanada de Argentina.<\/p>\n\n\n\n<p>Luego del \u00e9xito del campeonato Federal del Asado, el Gobierno de la Ciudad de Buenos Aires convoca a cocineros y cocineras de empanadas de todas las provincias a participar de una nueva edici\u00f3n de la Fiesta de la Empanada, que tendr\u00e1 lugar el 12 de noviembre en CABA.<\/p>\n\n\n\n<p><br>De la competencia, podr\u00e1n participar cocineros y cocineras de cualquier rinc\u00f3n del pa\u00eds que: 1) sean mayores de 18 a\u00f1os; 2) hayan trabajado en tareas relacionadas con la confecci\u00f3n de empanadas; y 3) cuenten con un m\u00ednimo de cinco a\u00f1os de experiencia en la materia.<\/p>\n\n\n\n<p><br>Interesados e interesadas podr\u00e1n inscribirse en el siguiente de manera online en el siguiente formulario:&nbsp;<a href=\"https:\/\/www.formulariosgcba.gob.ar\/QMo6By97EGZLKr0qXNkv\/canal\/mailing\">https:\/\/www.formulariosgcba.gob.ar\/QMo6By97EGZLKr0qXNkv\/canal\/mailing<\/a>&nbsp;Hay tiempo para inscribirse hasta el 16 de octubre.<\/p>\n\n\n\n<p><br>La de este a\u00f1o, ser\u00e1 la tercera edici\u00f3n de la Fiesta de la Empanada. La primera se realiz\u00f3 en 2019, cuando la mendocina Maria del Carmen &#8220;Chacha&#8221; Vicario se consagr\u00f3 ganadora. En 2020, en el contexto de la pandemia, la competencia se realiz\u00f3 en formato virtual y Asunci\u00f3n Arguello, oriunda de Jujuy, obtuvo el primer puesto. En esta nueva edici\u00f3n, ambas ganadoras ser\u00e1n parte del jurado.<\/p>\n\n\n\n<p><br>El jurado estar\u00e1 adem\u00e1s conformado por figuras reconocidas de nuestra gastronom\u00eda y evaluar\u00e1 la preparaci\u00f3n de la masa, el relleno, repulgue y cocci\u00f3n. Adem\u00e1s de la competencia oficial, habr\u00e1 30 puestos gastron\u00f3micos donde se podr\u00e1 disfrutar de diferentes variedades de empanadas, m\u00fasica en vivo y propuestas culturales para toda la familia.<\/p>\n","protected":false},"excerpt":{"rendered":"<p>Hasta el 16 de octubre, cocineros y cocineras de todo el pa\u00eds pueden postularse a la competencia donde se elegir\u00e1 la mejor empanada de Argentina. Luego del \u00e9xito del campeonato&hellip; <\/p>\n","protected":false},"author":3,"featured_media":11444,"comment_status":"closed","ping_status":"open","sticky":false,"template":"","format":"standard","meta":{"footnotes":""},"categories":[17],"tags":[],"class_list":["post-11443","post","type-post","status-publish","format-standard","has-post-thumbnail","hentry","category-sociales"],"_links":{"self":[{"href":"https:\/\/corrientesdetarde.com\/index.php\/wp-json\/wp\/v2\/posts\/11443","targetHints":{"allow":["GET"]}}],"collection":[{"href":"https:\/\/corrientesdetarde.com\/index.php\/wp-json\/wp\/v2\/posts"}],"about":[{"href":"https:\/\/corrientesdetarde.com\/index.php\/wp-json\/wp\/v2\/types\/post"}],"author":[{"embeddable":true,"href":"https:\/\/corrientesdetarde.com\/index.php\/wp-json\/wp\/v2\/users\/3"}],"replies":[{"embeddable":true,"href":"https:\/\/corrientesdetarde.com\/index.php\/wp-json\/wp\/v2\/comments?post=11443"}],"version-history":[{"count":1,"href":"https:\/\/corrientesdetarde.com\/index.php\/wp-json\/wp\/v2\/posts\/11443\/revisions"}],"predecessor-version":[{"id":11445,"href":"https:\/\/corrientesdetarde.com\/index.php\/wp-json\/wp\/v2\/posts\/11443\/revisions\/11445"}],"wp:featuredmedia":[{"embeddable":true,"href":"https:\/\/corrientesdetarde.com\/index.php\/wp-json\/wp\/v2\/media\/11444"}],"wp:attachment":[{"href":"https:\/\/corrientesdetarde.com\/index.php\/wp-json\/wp\/v2\/media?parent=11443"}],"wp:term":[{"taxonomy":"category","embeddable":true,"href":"https:\/\/corrientesdetarde.com\/index.php\/wp-json\/wp\/v2\/categories?post=11443"},{"taxonomy":"post_tag","embeddable":true,"href":"https:\/\/corrientesdetarde.com\/index.php\/wp-json\/wp\/v2\/tags?post=11443"}],"curies":[{"name":"wp","href":"https:\/\/api.w.org\/{rel}","templated":true}]}}