{"id":114466,"date":"2023-12-28T10:34:00","date_gmt":"2023-12-28T13:34:00","guid":{"rendered":"https:\/\/corrientesdetarde.com\/?p=114466"},"modified":"2023-12-28T10:46:22","modified_gmt":"2023-12-28T13:46:22","slug":"las-tiernas-fotos-que-compartio-ailen-bechara-con-su-marido-tras-su-reconciliacion","status":"publish","type":"post","link":"https:\/\/corrientesdetarde.com\/index.php\/espectaculos\/las-tiernas-fotos-que-compartio-ailen-bechara-con-su-marido-tras-su-reconciliacion\/","title":{"rendered":"Las tiernas fotos que comparti\u00f3 Ail\u00e9n Bechara con su marido tras su reconciliaci\u00f3n"},"content":{"rendered":"\n<p><strong>Ail\u00e9n Bechara<\/strong>sorprendi\u00f3 a todos cuando dej\u00f3 de seguir en redes sociales a su marido, el empresario\u00a0<strong>Agust\u00edn Jim\u00e9nez<\/strong>. Si bien no era la primera vez que la pareja estaba en crisis, se intu\u00eda que la separaci\u00f3n pod\u00eda llegar a ser definitiva en esta oportunidad tras 7 a\u00f1os de romance. De todas maneras, los pap\u00e1s de Francisco se mostraron m\u00e1s unidos que nunca y evidenciaron su reconciliaci\u00f3n en los festejos de Navidad.<\/p>\n\n\n\n<p>La modelo viaj\u00f3 a su pueblo natal, Darregueira, para pasar las fiestas en familia y desde all\u00ed mostr\u00f3 las tiernas postales junto Jim\u00e9nez. A trav\u00e9s de su cuenta de Instagram, Bechara comparti\u00f3 toda la intimidad del festejo y pos\u00f3 junto a su marido y el peque\u00f1o<strong>\u00a0Francisco, su hijo de 5 a\u00f1os<\/strong>.<\/p>\n\n\n\n<p><\/p>\n\n\n\n<figure class=\"wp-block-image\"><img decoding=\"async\" src=\"https:\/\/tn.com.ar\/resizer\/i9LT3molbZ_tQ8sp7GJ2yPPN_ac=\/767x0\/smart\/filters:format(webp)\/cloudfront-us-east-1.images.arcpublishing.com\/artear\/EVQSHDFITBH2RL5UG74OURFQHE.jpg\" alt=\"Ail\u00e9n Bechara se reconcili\u00f3 con Agust\u00edn Jim\u00e9nez, a un mes de anunciar su separaci\u00f3n. (Foto: Instagram \/ ailen_bechara)\"\/><figcaption>Ail\u00e9n Bechara se reconcili\u00f3 con Agust\u00edn Jim\u00e9nez, a un mes de anunciar su separaci\u00f3n. (Foto: Instagram \/ ailen_bechara)<\/figcaption><\/figure>\n\n\n\n<p>\u201cYo estoy por mi pueblo, en mi casa, tomando mate, por ac\u00e1 llueve y Fran al lado m\u00edo tomando helado. Los quiero mucho\u201d, escribi\u00f3 Ail\u00e9n en un sentido mensaje para todos sus seguidores. \u201cQue todos los deseos se cumplan.<strong>&nbsp;Que sepan que todo pasa y que todo, absolutamente todo, viene a ense\u00f1arnos algo<\/strong>\u201d, agreg\u00f3.<\/p>\n\n\n\n<p>Luego de la celebraci\u00f3n en familia,\u00a0<strong>Ail\u00e9n Bechara<\/strong>\u00a0tuvo un contundente gesto con\u00a0<strong>Agust\u00edn Jim\u00e9nez\u00a0<\/strong>para evidenciar la reconciliaci\u00f3n y volvi\u00f3 a seguirlo en redes sociales. Por su parte, el empresario hizo lo mismo y le devolvi\u00f3 la gentileza. Cabe recordar que, al momento de confirmar la separaci\u00f3n, la modelo hab\u00eda expresado: \u201cNos dejamos de seguir en un momento de furia, pero las fotos est\u00e1n. Nunca borramos nada\u201d.<\/p>\n\n\n\n<figure class=\"wp-block-image\"><img decoding=\"async\" src=\"https:\/\/tn.com.ar\/resizer\/joU4lCk1maBJdFxxzMWHpeofbcI=\/767x0\/smart\/filters:format(webp)\/cloudfront-us-east-1.images.arcpublishing.com\/artear\/U7UYQN4LCZGW3H4O4AY6VJ62HA.jpg\" alt=\"Ail\u00e9n Bechara mostr\u00f3 la intimidad de su festejo de Navidad en familia. (Foto: Instagram \/ ailen_bechara)\"\/><figcaption>Ail\u00e9n Bechara mostr\u00f3 la intimidad de su festejo de Navidad en familia. (Foto: Instagram \/ ailen_bechara)<\/figcaption><\/figure>\n\n\n\n<h2 class=\"wp-block-heading\">C\u00f3mo fue la separaci\u00f3n de Ail\u00e9n Bechara y Agust\u00edn Jim\u00e9nez tras siete a\u00f1os en pareja<\/h2>\n\n\n\n<p><strong>Sali\u00f3 a la luz la separaci\u00f3n entre\u00a0Ail\u00e9n Bechara\u00a0y\u00a0Agust\u00edn Jim\u00e9nez\u00a0despu\u00e9s de varias crisis ocurridas en medio de su relaci\u00f3n de 7 a\u00f1os<\/strong>. La triste noticia fue confirmada por Majo Martino durante la transmisi\u00f3n del ciclo\u00a0<em>Ma\u00f1an\u00edsima (eltrece).<\/em>\u00a0Ahora, la mayor preocupaci\u00f3n recae sobre el hijo que ambos comparten, el peque\u00f1o Francesco de apenas 5 a\u00f1os.<\/p>\n\n\n\n<p>De acuerdo a lo difundido por la periodista, recibi\u00f3 la alerta desde el mismo entorno de la expareja y, despu\u00e9s de investigar, pudo corroborar la informaci\u00f3n: \u201cA m\u00ed me lo contaron y despu\u00e9s,&nbsp;<strong>indagando en las redes sociales, veo que se dej\u00f3 de seguir con el marido<\/strong>.&nbsp;<strong>El marido tambi\u00e9n la dej\u00f3 de seguir a ella<\/strong>&nbsp;y borr\u00f3 todas las fotos que ten\u00eda con ella\u201d.<\/p>\n\n\n\n<figure class=\"wp-block-image\"><img decoding=\"async\" src=\"https:\/\/tn.com.ar\/resizer\/KApz5M6-fB3xVW4jFpu1aG2CIDc=\/767x0\/smart\/filters:format(webp)\/cloudfront-us-east-1.images.arcpublishing.com\/artear\/YTOB5X3T2VAVTCFLQOQOAUX4DE.JPG\" alt=\"Ail\u00e9n Bechara se separ\u00f3 de su pareja, Agust\u00edn Jim\u00e9nez y se cree que podr\u00eda ser definitivo. (Foto: Instagram \/ ailen_bechara)\"\/><figcaption>Ail\u00e9n Bechara se separ\u00f3 de su pareja, Agust\u00edn Jim\u00e9nez y se cree que podr\u00eda ser definitivo. (Foto: Instagram \/ ailen_bechara)<\/figcaption><\/figure>\n\n\n\n<p><em><strong>Le\u00e9 tambi\u00e9n:&nbsp;<\/strong><\/em><a href=\"https:\/\/tn.com.ar\/show\/redes-sociales\/2023\/11\/22\/el-gesto-de-tini-stoessel-con-rodrigo-de-paul-tras-su-misterioso-saludo-en-brasil\/\"><em><strong>El gesto de Tini Stoessel con Rodrigo De Paul tras su misterioso saludo en Brasil<\/strong><\/em><\/a><\/p>\n\n\n\n<p>Tomando en cuenta el historial de idas y vueltas entre los exnovios, se espera que se trate de algo pasajero y se pueda recomponer la relaci\u00f3n. Sin embargo, tras el cese de seguimiento entre ellos y la ruptura que lleva apenas una semana&nbsp;<strong>se intuye que, a diferencia de las otras crisis, habr\u00edan fuertes razones para creer que una reconciliaci\u00f3n no ser\u00e1 posible por lo pronto.<\/strong><\/p>\n\n\n\n<p>Siendo as\u00ed,&nbsp;<strong>el distanciamiento entre Ail\u00e9n y Agust\u00edn tuvo lugar en medio de su regreso a la pista del&nbsp;<\/strong><em><strong>Bailando<\/strong><\/em>, donde se present\u00f3 con Juliana D\u00edaz para la salsa de tres.<\/p>\n","protected":false},"excerpt":{"rendered":"<p>Ail\u00e9n Becharasorprendi\u00f3 a todos cuando dej\u00f3 de seguir en redes sociales a su marido, el empresario\u00a0Agust\u00edn Jim\u00e9nez. Si bien no era la primera vez que la pareja estaba en crisis,&hellip; <\/p>\n","protected":false},"author":12,"featured_media":114470,"comment_status":"closed","ping_status":"open","sticky":false,"template":"","format":"standard","meta":{"footnotes":""},"categories":[19],"tags":[],"class_list":["post-114466","post","type-post","status-publish","format-standard","has-post-thumbnail","hentry","category-espectaculos"],"_links":{"self":[{"href":"https:\/\/corrientesdetarde.com\/index.php\/wp-json\/wp\/v2\/posts\/114466","targetHints":{"allow":["GET"]}}],"collection":[{"href":"https:\/\/corrientesdetarde.com\/index.php\/wp-json\/wp\/v2\/posts"}],"about":[{"href":"https:\/\/corrientesdetarde.com\/index.php\/wp-json\/wp\/v2\/types\/post"}],"author":[{"embeddable":true,"href":"https:\/\/corrientesdetarde.com\/index.php\/wp-json\/wp\/v2\/users\/12"}],"replies":[{"embeddable":true,"href":"https:\/\/corrientesdetarde.com\/index.php\/wp-json\/wp\/v2\/comments?post=114466"}],"version-history":[{"count":2,"href":"https:\/\/corrientesdetarde.com\/index.php\/wp-json\/wp\/v2\/posts\/114466\/revisions"}],"predecessor-version":[{"id":114483,"href":"https:\/\/corrientesdetarde.com\/index.php\/wp-json\/wp\/v2\/posts\/114466\/revisions\/114483"}],"wp:featuredmedia":[{"embeddable":true,"href":"https:\/\/corrientesdetarde.com\/index.php\/wp-json\/wp\/v2\/media\/114470"}],"wp:attachment":[{"href":"https:\/\/corrientesdetarde.com\/index.php\/wp-json\/wp\/v2\/media?parent=114466"}],"wp:term":[{"taxonomy":"category","embeddable":true,"href":"https:\/\/corrientesdetarde.com\/index.php\/wp-json\/wp\/v2\/categories?post=114466"},{"taxonomy":"post_tag","embeddable":true,"href":"https:\/\/corrientesdetarde.com\/index.php\/wp-json\/wp\/v2\/tags?post=114466"}],"curies":[{"name":"wp","href":"https:\/\/api.w.org\/{rel}","templated":true}]}}