{"id":114467,"date":"2023-12-28T10:25:15","date_gmt":"2023-12-28T13:25:15","guid":{"rendered":"https:\/\/corrientesdetarde.com\/?p=114467"},"modified":"2023-12-28T10:25:27","modified_gmt":"2023-12-28T13:25:27","slug":"ioscor-informa-el-horario-de-verano-durante-enero-y-febrero-de-2024","status":"publish","type":"post","link":"https:\/\/corrientesdetarde.com\/index.php\/informacion-general\/ioscor-informa-el-horario-de-verano-durante-enero-y-febrero-de-2024\/","title":{"rendered":"IOSCor informa el horario de verano durante enero y febrero de 2024&nbsp;"},"content":{"rendered":"\n<p>El Instituto de Obra social de la Provincia de Corrientes tendr\u00e1 un cambio en su horario de atenci\u00f3n, el mismo ser\u00e1 solamente matutino, de lunes a viernes de 7.15 a 12.45 en Dr. R. Carrillo 444; en marzo se retomar\u00e1n los habituales.<\/p>\n\n\n\n<p>Se recuerda a los afiliados que pueden realizar consultas en el sitio web y en las redes del Instituto.<\/p>\n","protected":false},"excerpt":{"rendered":"<p>El Instituto de Obra social de la Provincia de Corrientes tendr\u00e1 un cambio en su horario de atenci\u00f3n, el mismo ser\u00e1 solamente matutino, de lunes a viernes de 7.15 a&hellip; <\/p>\n","protected":false},"author":12,"featured_media":114468,"comment_status":"closed","ping_status":"open","sticky":false,"template":"","format":"standard","meta":{"footnotes":""},"categories":[1],"tags":[],"class_list":["post-114467","post","type-post","status-publish","format-standard","has-post-thumbnail","hentry","category-informacion-general"],"_links":{"self":[{"href":"https:\/\/corrientesdetarde.com\/index.php\/wp-json\/wp\/v2\/posts\/114467","targetHints":{"allow":["GET"]}}],"collection":[{"href":"https:\/\/corrientesdetarde.com\/index.php\/wp-json\/wp\/v2\/posts"}],"about":[{"href":"https:\/\/corrientesdetarde.com\/index.php\/wp-json\/wp\/v2\/types\/post"}],"author":[{"embeddable":true,"href":"https:\/\/corrientesdetarde.com\/index.php\/wp-json\/wp\/v2\/users\/12"}],"replies":[{"embeddable":true,"href":"https:\/\/corrientesdetarde.com\/index.php\/wp-json\/wp\/v2\/comments?post=114467"}],"version-history":[{"count":1,"href":"https:\/\/corrientesdetarde.com\/index.php\/wp-json\/wp\/v2\/posts\/114467\/revisions"}],"predecessor-version":[{"id":114469,"href":"https:\/\/corrientesdetarde.com\/index.php\/wp-json\/wp\/v2\/posts\/114467\/revisions\/114469"}],"wp:featuredmedia":[{"embeddable":true,"href":"https:\/\/corrientesdetarde.com\/index.php\/wp-json\/wp\/v2\/media\/114468"}],"wp:attachment":[{"href":"https:\/\/corrientesdetarde.com\/index.php\/wp-json\/wp\/v2\/media?parent=114467"}],"wp:term":[{"taxonomy":"category","embeddable":true,"href":"https:\/\/corrientesdetarde.com\/index.php\/wp-json\/wp\/v2\/categories?post=114467"},{"taxonomy":"post_tag","embeddable":true,"href":"https:\/\/corrientesdetarde.com\/index.php\/wp-json\/wp\/v2\/tags?post=114467"}],"curies":[{"name":"wp","href":"https:\/\/api.w.org\/{rel}","templated":true}]}}