{"id":114499,"date":"2023-12-28T11:57:54","date_gmt":"2023-12-28T14:57:54","guid":{"rendered":"https:\/\/corrientesdetarde.com\/?p=114499"},"modified":"2023-12-28T12:00:04","modified_gmt":"2023-12-28T15:00:04","slug":"podrian-pedir-la-suspension-de-janina-ortiz-por-no-presentarse-ante-la-justicia","status":"publish","type":"post","link":"https:\/\/corrientesdetarde.com\/index.php\/politica\/podrian-pedir-la-suspension-de-janina-ortiz-por-no-presentarse-ante-la-justicia\/","title":{"rendered":"Podr\u00edan pedir la suspensi\u00f3n de Janina Ortiz por no presentarse ante la Justicia"},"content":{"rendered":"\n<p>Ayer&nbsp; la diputada provincial&nbsp;<strong>Janina Ortiz<\/strong>&nbsp;deb\u00eda presentarse ante la&nbsp;<strong>Justicia&nbsp;<\/strong>para ser imputada, pero no lo hizo&nbsp;&nbsp;porque su defensa considera que no pas\u00f3 el tiempo suficiente para apelar. La negativa podr\u00eda ser un argumento para que a nivel pol\u00edtico tenga m\u00e1s presi\u00f3n y hay quienes promueven que sea suspendida.&nbsp;<\/p>\n\n\n\n<p>Como ya no tiene fueros, la legisladora ser\u00e1&nbsp;imputada en dos causas&nbsp;<strong>judiciales&nbsp;<\/strong>en las que est\u00e1 involucrada. En una de ellas, en la que se investigan cooperativas irregulares durante su gesti\u00f3n en Las Heras, la&nbsp;<strong>Justicia<\/strong>&nbsp;cuenta con un documento que incluye un&nbsp;di\u00e1logo, al que accedi\u00f3&nbsp;<strong>MDZ<\/strong>, entre dos funcionarios que la involucran de manera categ\u00f3rica.&nbsp;<\/p>\n\n\n\n<p><strong>Ortiz\u00a0<\/strong>fue durante gran parte de la gesti\u00f3n de su marido en<strong>\u00a0Las Hera<\/strong>s,\u00a0Daniel Orozco\u00a0(quien fue intendente entre 2015-2023), la secretaria de Gobierno. Pero m\u00e1s all\u00e1 de su cargo, fue una funcionaria con much\u00edsimo poder de decisi\u00f3n dentro del municipio. A lo largo de este a\u00f1o, mientras pol\u00edticamente Orozco decid\u00eda jugar pol\u00edticamente para La Uni\u00f3n Mendocina como candidato a vicegobernador, abandonando al frente oficialista Cambia Mendoza (algo que le gener\u00f3 perder el departamento), salieron a la luz causas\u00a0<strong>judiciales<\/strong>\u00a0por diferentes situaciones en el municipio.\u00a0<\/p>\n\n\n\n<p>Por dos de ellas, dos fiscales pidieron el desafuero de Ortiz que fue convalidado por la C\u00e1mara de Diputados, ante una presentaci\u00f3n de \u00faltimo momento de la misma diputada para que sus pares tomaran esa decisi\u00f3n..Es decir que puede ser juzgada pese a ser legisladora provincial.\u00a0Una de las causas es la investigada\u00a0por el fiscal Flavio D\u2019 Amore, titular de la Fiscal\u00eda de Instrucci\u00f3n N\u00ba 7.D\u2019 Amore lleva adelante una investigaci\u00f3n por \u201cpresunta comisi\u00f3n del delito de fraude en perjuicio de la administraci\u00f3n o\u00fablica\u201d en la cual se se\u00f1ala a la exsecretaria de Gobierno<strong>\u00a0lasherina<\/strong>\u00a0como presunta coautora por el supuesto desv\u00edo de 35 millones de pesos a la cooperativa de trabajo Manos a la Obra.<\/p>\n\n\n\n<figure class=\"wp-block-image\"><img decoding=\"async\" src=\"https:\/\/www.mdzol.com\/u\/fotografias\/m\/2023\/11\/24\/f768x1-1512158_1512285_5050.jpg\" alt=\"\"\/><figcaption>Janina Ortiz en la C\u00e1mara de Diputados&nbsp;<\/figcaption><\/figure>\n\n\n\n<p>En esa causa hay cruce de llamadas. MDZ accedi\u00f3 a las transcripciones entre un funcionario y un integrante de las cooperativas.&nbsp;En la charla por whatsapp, involucran directamente a la legisladora de la Uni\u00f3n Mendocina al mencionarla porque deb\u00edan darle, aparentemente, el dinero que le correspond\u00eda por &#8220;dos meses&#8221; de funcionamiento del mecanismo sospechado.<\/p>\n\n\n\n<p>Mientras esto ocurre en la Justicia, es probable que la Legislatura, tome el camino de la suspensi\u00f3n de Ortiz por &#8220;inconducta&#8221;, por no presentarse ante la citaci\u00f3n judicial. Eso le valdr\u00eda moment\u00e1neamente una integrante menos a La Uni\u00f3n Mendocina en Diputados. Mientras tanto, el jefe del interbloque oficialista, Enrique Thomas, pidi\u00f3 oficialmente su renuncia.<\/p>\n\n\n\n<figure class=\"wp-block-image\"><img decoding=\"async\" src=\"https:\/\/www.mdzol.com\/u\/fotografias\/m\/2023\/12\/27\/f768x1-1528463_1528590_104.jpg\" alt=\"\"\/><\/figure>\n","protected":false},"excerpt":{"rendered":"<p>Ayer&nbsp; la diputada provincial&nbsp;Janina Ortiz&nbsp;deb\u00eda presentarse ante la&nbsp;Justicia&nbsp;para ser imputada, pero no lo hizo&nbsp;&nbsp;porque su defensa considera que no pas\u00f3 el tiempo suficiente para apelar. La negativa podr\u00eda ser un&hellip; <\/p>\n","protected":false},"author":12,"featured_media":114515,"comment_status":"closed","ping_status":"open","sticky":false,"template":"","format":"standard","meta":{"footnotes":""},"categories":[3],"tags":[],"class_list":["post-114499","post","type-post","status-publish","format-standard","has-post-thumbnail","hentry","category-politica"],"_links":{"self":[{"href":"https:\/\/corrientesdetarde.com\/index.php\/wp-json\/wp\/v2\/posts\/114499","targetHints":{"allow":["GET"]}}],"collection":[{"href":"https:\/\/corrientesdetarde.com\/index.php\/wp-json\/wp\/v2\/posts"}],"about":[{"href":"https:\/\/corrientesdetarde.com\/index.php\/wp-json\/wp\/v2\/types\/post"}],"author":[{"embeddable":true,"href":"https:\/\/corrientesdetarde.com\/index.php\/wp-json\/wp\/v2\/users\/12"}],"replies":[{"embeddable":true,"href":"https:\/\/corrientesdetarde.com\/index.php\/wp-json\/wp\/v2\/comments?post=114499"}],"version-history":[{"count":2,"href":"https:\/\/corrientesdetarde.com\/index.php\/wp-json\/wp\/v2\/posts\/114499\/revisions"}],"predecessor-version":[{"id":114519,"href":"https:\/\/corrientesdetarde.com\/index.php\/wp-json\/wp\/v2\/posts\/114499\/revisions\/114519"}],"wp:featuredmedia":[{"embeddable":true,"href":"https:\/\/corrientesdetarde.com\/index.php\/wp-json\/wp\/v2\/media\/114515"}],"wp:attachment":[{"href":"https:\/\/corrientesdetarde.com\/index.php\/wp-json\/wp\/v2\/media?parent=114499"}],"wp:term":[{"taxonomy":"category","embeddable":true,"href":"https:\/\/corrientesdetarde.com\/index.php\/wp-json\/wp\/v2\/categories?post=114499"},{"taxonomy":"post_tag","embeddable":true,"href":"https:\/\/corrientesdetarde.com\/index.php\/wp-json\/wp\/v2\/tags?post=114499"}],"curies":[{"name":"wp","href":"https:\/\/api.w.org\/{rel}","templated":true}]}}