{"id":114500,"date":"2023-12-28T11:49:21","date_gmt":"2023-12-28T14:49:21","guid":{"rendered":"https:\/\/corrientesdetarde.com\/?p=114500"},"modified":"2023-12-28T11:50:02","modified_gmt":"2023-12-28T14:50:02","slug":"cuando-es-el-dia-de-reyes-2024-y-por-que-se-festeja","status":"publish","type":"post","link":"https:\/\/corrientesdetarde.com\/index.php\/sociales\/cuando-es-el-dia-de-reyes-2024-y-por-que-se-festeja\/","title":{"rendered":"Cuando es el D\u00eda de Reyes 2024 y por qu\u00e9 se festeja"},"content":{"rendered":"\n<p>El\u00a0<strong>D\u00eda de Reyes 2024\u00a0<\/strong>es el<strong>\u00a0s\u00e1bado 6 de enero<\/strong>, lo que le da a las personas la posibilidad de celebrar en pleno fin de semana. Por tradici\u00f3n, los chicos le dejan agua y comida a los camellos de los Reyes Magos y esperan regalos en el mismo sitio.<\/p>\n\n\n\n<h2 class=\"wp-block-heading\">Por qu\u00e9 se festeja el D\u00eda de Reyes<\/h2>\n\n\n\n<p>La&nbsp;<strong>festividad tiene sus ra\u00edces en la narrativa b\u00edblica<\/strong>&nbsp;de la visita de los tres sabios de Oriente a Jes\u00fas en Bel\u00e9n, donde le llevaron regalos simb\u00f3licos como oro, incienso y mirra.<\/p>\n\n\n\n<p>El D\u00eda de Reyes Magos es una ocasi\u00f3n especial para que las&nbsp;<strong>familias se re\u00fanan<\/strong>, compartan momentos alegres y expresen cari\u00f1o a trav\u00e9s de regalos y gestos de afecto.<\/p>\n\n\n\n<figure class=\"wp-block-image\"><img decoding=\"async\" src=\"https:\/\/tn.com.ar\/resizer\/nCdgd3KUwgF_khRo_ph_n1wemxA=\/767x0\/smart\/filters:format(webp)\/cloudfront-us-east-1.images.arcpublishing.com\/artear\/VYUUIEQDW5VYVZEMDKUIPEWHZM.jpg\" alt=\"Cuando es el D\u00eda de Reyes 2024 y por qu\u00e9 se festeja (Foto: Shutterstock).\"\/><figcaption>Cuando es el D\u00eda de Reyes 2024 y por qu\u00e9 se festeja (Foto: Shutterstock).<\/figcaption><\/figure>\n\n\n\n<h2 class=\"wp-block-heading\">Por qu\u00e9 se hace una rosca en el D\u00eda de Reyes<\/h2>\n\n\n\n<p>La tradici\u00f3n de comer rosca en el D\u00eda de Reyes Magos tiene sus ra\u00edces en la celebraci\u00f3n cristiana que conmemora la visita de los tres sabios de Oriente (Melchor, Gaspar y Baltasar) al ni\u00f1o Jes\u00fas en Bel\u00e9n. Seg\u00fan la narrativa b\u00edblica, estos sabios llevaron regalos simb\u00f3licos al ni\u00f1o reci\u00e9n nacido, y la rosca se ha convertido en un elemento distintivo de esta festividad. Aqu\u00ed hay algunas razones que explican por qu\u00e9 se come rosca en el D\u00eda de Reyes:<\/p>\n\n\n\n<ul class=\"wp-block-list\"><li>La rosca tiene una forma circular, que simboliza la eternidad y la unidad. La falta de un principio o un final en la rosca representa la continuidad y la renovaci\u00f3n, aludiendo a la idea de la vida eterna.<\/li><li>En muchas tradiciones, la rosca se hornea con una o varias figuras peque\u00f1as ocultas en su interior, que representan al ni\u00f1o Jes\u00fas. Quien encuentra la figura, simbolizando el hallazgo de Jes\u00fas, asume la responsabilidad de organizar la celebraci\u00f3n del D\u00eda de la Candelaria el 2 de febrero.<\/li><li>La rosca es un alimento que se comparte en familia y entre amigos. Reunirse alrededor de la mesa para cortar y compartir la rosca es una tradici\u00f3n que fortalece los lazos familiares y fomenta la convivencia.<\/li><li>La rosca suele ser un pan dulce adornado con frutas confitadas, crema pastelera y az\u00facar, lo que la convierte en un manjar especial asociado con las celebraciones festivas. Su sabor y decoraci\u00f3n a\u00f1aden un toque especial a la ocasi\u00f3n.<\/li><\/ul>\n","protected":false},"excerpt":{"rendered":"<p>El\u00a0D\u00eda de Reyes 2024\u00a0es el\u00a0s\u00e1bado 6 de enero, lo que le da a las personas la posibilidad de celebrar en pleno fin de semana. Por tradici\u00f3n, los chicos le dejan&hellip; <\/p>\n","protected":false},"author":12,"featured_media":114504,"comment_status":"closed","ping_status":"open","sticky":false,"template":"","format":"standard","meta":{"footnotes":""},"categories":[17],"tags":[],"class_list":["post-114500","post","type-post","status-publish","format-standard","has-post-thumbnail","hentry","category-sociales"],"_links":{"self":[{"href":"https:\/\/corrientesdetarde.com\/index.php\/wp-json\/wp\/v2\/posts\/114500","targetHints":{"allow":["GET"]}}],"collection":[{"href":"https:\/\/corrientesdetarde.com\/index.php\/wp-json\/wp\/v2\/posts"}],"about":[{"href":"https:\/\/corrientesdetarde.com\/index.php\/wp-json\/wp\/v2\/types\/post"}],"author":[{"embeddable":true,"href":"https:\/\/corrientesdetarde.com\/index.php\/wp-json\/wp\/v2\/users\/12"}],"replies":[{"embeddable":true,"href":"https:\/\/corrientesdetarde.com\/index.php\/wp-json\/wp\/v2\/comments?post=114500"}],"version-history":[{"count":2,"href":"https:\/\/corrientesdetarde.com\/index.php\/wp-json\/wp\/v2\/posts\/114500\/revisions"}],"predecessor-version":[{"id":114510,"href":"https:\/\/corrientesdetarde.com\/index.php\/wp-json\/wp\/v2\/posts\/114500\/revisions\/114510"}],"wp:featuredmedia":[{"embeddable":true,"href":"https:\/\/corrientesdetarde.com\/index.php\/wp-json\/wp\/v2\/media\/114504"}],"wp:attachment":[{"href":"https:\/\/corrientesdetarde.com\/index.php\/wp-json\/wp\/v2\/media?parent=114500"}],"wp:term":[{"taxonomy":"category","embeddable":true,"href":"https:\/\/corrientesdetarde.com\/index.php\/wp-json\/wp\/v2\/categories?post=114500"},{"taxonomy":"post_tag","embeddable":true,"href":"https:\/\/corrientesdetarde.com\/index.php\/wp-json\/wp\/v2\/tags?post=114500"}],"curies":[{"name":"wp","href":"https:\/\/api.w.org\/{rel}","templated":true}]}}