{"id":114521,"date":"2023-12-28T13:40:00","date_gmt":"2023-12-28T16:40:00","guid":{"rendered":"https:\/\/corrientesdetarde.com\/?p=114521"},"modified":"2023-12-28T13:40:12","modified_gmt":"2023-12-28T16:40:12","slug":"visita-protocolar-el-vicegobernador-recibio-a-la-nueva-consul-del-paraguay-en-corrientes","status":"publish","type":"post","link":"https:\/\/corrientesdetarde.com\/index.php\/informacion-general\/visita-protocolar-el-vicegobernador-recibio-a-la-nueva-consul-del-paraguay-en-corrientes\/","title":{"rendered":"Visita protocolar: El Vicegobernador recibi\u00f3 a la nueva C\u00f3nsul del Paraguay en Corrientes"},"content":{"rendered":"\n<p><\/p>\n\n\n\n<p>El vicegobernador Pedro Braillard Poccard recibi\u00f3 este jueves la visita de la nueva C\u00f3nsul del Paraguay en Corrientes, Ministro Lourdes Rivas Cerini, en el marco de un saludo protocolar con el fin de ponerse a disposici\u00f3n para afianzar las relaciones entre ambos pa\u00edses.<\/p>\n\n\n\n<p>En el encuentro, que tuvo lugar en el Sal\u00f3n de Acuerdos del Palacio legislativo, el Vicegobernador le dio la bienvenida a la provincia, agradeci\u00f3 la presencia y destac\u00f3 \u201cnos une mucha afinidad con el Paraguay, adem\u00e1s de la cantidad de hombres y mujeres que residen aqu\u00ed y brindan su apoyo para el desarrollo de la provincia\u201d.<\/p>\n\n\n\n<p>Braillard Poccard se refiri\u00f3 tambi\u00e9n a la pol\u00edtica de integraci\u00f3n regional que lleva adelante el Gobierno provincial y resalt\u00f3 \u201cambos pa\u00edses tienen mucho para brindarse rec\u00edprocamente, por eso debemos continuar trabajando por una mayor integraci\u00f3n\u201d.<\/p>\n\n\n\n<p>Por su parte, la C\u00f3nsul agradeci\u00f3 \u201cla gentileza que siempre tiene la provincia para con los hermanos paraguayos\u201d y se comprometi\u00f3 a \u201ccooperar y fortalecer esos lazos de integraci\u00f3n\u201d.<\/p>\n\n\n\n<p>Al finalizar el encuentro, el Vicegobernador invit\u00f3 a la C\u00f3nsul a conocer el recinto legislativo donde dialogaron sobre el sistema legislativo bicameral. Y seguidamente intercambiaron presentes entre ambos.<\/p>\n\n\n\n<p>Cabe mencionar que la Diplom\u00e1tica, que recientemente tom\u00f3 posesi\u00f3n del cargo del consulado de la Rep\u00fablica del Paraguay en Corrientes, anteriormente estuvo en la embajada de Paraguay en Espa\u00f1a, Marruecos, B\u00e9lgica, Holanda y Luxemburgo.<\/p>\n\n\n\n<figure class=\"wp-block-gallery has-nested-images columns-default is-cropped wp-block-gallery-1 is-layout-flex wp-block-gallery-is-layout-flex\">\n<figure class=\"wp-block-image size-large\"><img loading=\"lazy\" decoding=\"async\" width=\"1024\" height=\"683\" data-id=\"114524\" src=\"https:\/\/corrientesdetarde.com\/wp-content\/uploads\/2023\/12\/IMG-20231228-WA0015-1024x683.jpg\" alt=\"\" class=\"wp-image-114524\" srcset=\"https:\/\/corrientesdetarde.com\/wp-content\/uploads\/2023\/12\/IMG-20231228-WA0015-1024x683.jpg 1024w, https:\/\/corrientesdetarde.com\/wp-content\/uploads\/2023\/12\/IMG-20231228-WA0015-300x200.jpg 300w, https:\/\/corrientesdetarde.com\/wp-content\/uploads\/2023\/12\/IMG-20231228-WA0015-768x512.jpg 768w, https:\/\/corrientesdetarde.com\/wp-content\/uploads\/2023\/12\/IMG-20231228-WA0015-1536x1024.jpg 1536w, https:\/\/corrientesdetarde.com\/wp-content\/uploads\/2023\/12\/IMG-20231228-WA0015.jpg 1599w\" sizes=\"auto, (max-width: 1024px) 100vw, 1024px\" \/><\/figure>\n<\/figure>\n\n\n\n<figure class=\"wp-block-gallery has-nested-images columns-default is-cropped wp-block-gallery-2 is-layout-flex wp-block-gallery-is-layout-flex\">\n<figure class=\"wp-block-image size-large\"><img loading=\"lazy\" decoding=\"async\" width=\"1024\" height=\"683\" data-id=\"114526\" src=\"https:\/\/corrientesdetarde.com\/wp-content\/uploads\/2023\/12\/IMG-20231228-WA0017-1024x683.jpg\" alt=\"\" class=\"wp-image-114526\" srcset=\"https:\/\/corrientesdetarde.com\/wp-content\/uploads\/2023\/12\/IMG-20231228-WA0017-1024x683.jpg 1024w, https:\/\/corrientesdetarde.com\/wp-content\/uploads\/2023\/12\/IMG-20231228-WA0017-300x200.jpg 300w, https:\/\/corrientesdetarde.com\/wp-content\/uploads\/2023\/12\/IMG-20231228-WA0017-768x512.jpg 768w, https:\/\/corrientesdetarde.com\/wp-content\/uploads\/2023\/12\/IMG-20231228-WA0017-1536x1024.jpg 1536w, https:\/\/corrientesdetarde.com\/wp-content\/uploads\/2023\/12\/IMG-20231228-WA0017.jpg 1599w\" sizes=\"auto, (max-width: 1024px) 100vw, 1024px\" \/><\/figure>\n\n\n\n<figure class=\"wp-block-image size-large\"><img loading=\"lazy\" decoding=\"async\" width=\"1024\" height=\"683\" data-id=\"114525\" src=\"https:\/\/corrientesdetarde.com\/wp-content\/uploads\/2023\/12\/IMG-20231228-WA0018-1024x683.jpg\" alt=\"\" class=\"wp-image-114525\" srcset=\"https:\/\/corrientesdetarde.com\/wp-content\/uploads\/2023\/12\/IMG-20231228-WA0018-1024x683.jpg 1024w, https:\/\/corrientesdetarde.com\/wp-content\/uploads\/2023\/12\/IMG-20231228-WA0018-300x200.jpg 300w, https:\/\/corrientesdetarde.com\/wp-content\/uploads\/2023\/12\/IMG-20231228-WA0018-768x512.jpg 768w, https:\/\/corrientesdetarde.com\/wp-content\/uploads\/2023\/12\/IMG-20231228-WA0018-1536x1024.jpg 1536w, https:\/\/corrientesdetarde.com\/wp-content\/uploads\/2023\/12\/IMG-20231228-WA0018.jpg 1599w\" sizes=\"auto, (max-width: 1024px) 100vw, 1024px\" \/><\/figure>\n<\/figure>\n\n\n\n<figure class=\"wp-block-image size-large\"><img loading=\"lazy\" decoding=\"async\" width=\"1024\" height=\"683\" src=\"https:\/\/corrientesdetarde.com\/wp-content\/uploads\/2023\/12\/IMG-20231228-WA0016-1024x683.jpg\" alt=\"\" class=\"wp-image-114523\" srcset=\"https:\/\/corrientesdetarde.com\/wp-content\/uploads\/2023\/12\/IMG-20231228-WA0016-1024x683.jpg 1024w, https:\/\/corrientesdetarde.com\/wp-content\/uploads\/2023\/12\/IMG-20231228-WA0016-300x200.jpg 300w, https:\/\/corrientesdetarde.com\/wp-content\/uploads\/2023\/12\/IMG-20231228-WA0016-768x512.jpg 768w, https:\/\/corrientesdetarde.com\/wp-content\/uploads\/2023\/12\/IMG-20231228-WA0016-1536x1024.jpg 1536w, https:\/\/corrientesdetarde.com\/wp-content\/uploads\/2023\/12\/IMG-20231228-WA0016.jpg 1599w\" sizes=\"auto, (max-width: 1024px) 100vw, 1024px\" \/><\/figure>\n","protected":false},"excerpt":{"rendered":"<p>El vicegobernador Pedro Braillard Poccard recibi\u00f3 este jueves la visita de la nueva C\u00f3nsul del Paraguay en Corrientes, Ministro Lourdes Rivas Cerini, en el marco de un saludo protocolar con&hellip; <\/p>\n","protected":false},"author":1,"featured_media":114522,"comment_status":"closed","ping_status":"open","sticky":false,"template":"","format":"standard","meta":{"footnotes":""},"categories":[1],"tags":[],"class_list":["post-114521","post","type-post","status-publish","format-standard","has-post-thumbnail","hentry","category-informacion-general"],"_links":{"self":[{"href":"https:\/\/corrientesdetarde.com\/index.php\/wp-json\/wp\/v2\/posts\/114521","targetHints":{"allow":["GET"]}}],"collection":[{"href":"https:\/\/corrientesdetarde.com\/index.php\/wp-json\/wp\/v2\/posts"}],"about":[{"href":"https:\/\/corrientesdetarde.com\/index.php\/wp-json\/wp\/v2\/types\/post"}],"author":[{"embeddable":true,"href":"https:\/\/corrientesdetarde.com\/index.php\/wp-json\/wp\/v2\/users\/1"}],"replies":[{"embeddable":true,"href":"https:\/\/corrientesdetarde.com\/index.php\/wp-json\/wp\/v2\/comments?post=114521"}],"version-history":[{"count":1,"href":"https:\/\/corrientesdetarde.com\/index.php\/wp-json\/wp\/v2\/posts\/114521\/revisions"}],"predecessor-version":[{"id":114527,"href":"https:\/\/corrientesdetarde.com\/index.php\/wp-json\/wp\/v2\/posts\/114521\/revisions\/114527"}],"wp:featuredmedia":[{"embeddable":true,"href":"https:\/\/corrientesdetarde.com\/index.php\/wp-json\/wp\/v2\/media\/114522"}],"wp:attachment":[{"href":"https:\/\/corrientesdetarde.com\/index.php\/wp-json\/wp\/v2\/media?parent=114521"}],"wp:term":[{"taxonomy":"category","embeddable":true,"href":"https:\/\/corrientesdetarde.com\/index.php\/wp-json\/wp\/v2\/categories?post=114521"},{"taxonomy":"post_tag","embeddable":true,"href":"https:\/\/corrientesdetarde.com\/index.php\/wp-json\/wp\/v2\/tags?post=114521"}],"curies":[{"name":"wp","href":"https:\/\/api.w.org\/{rel}","templated":true}]}}