{"id":114551,"date":"2023-12-28T14:29:36","date_gmt":"2023-12-28T17:29:36","guid":{"rendered":"https:\/\/corrientesdetarde.com\/?p=114551"},"modified":"2023-12-28T14:29:42","modified_gmt":"2023-12-28T17:29:42","slug":"asi-funcionaran-los-servicios-municipales-por-ano-nuevo-y-la-feria-administrativa","status":"publish","type":"post","link":"https:\/\/corrientesdetarde.com\/index.php\/sociales\/asi-funcionaran-los-servicios-municipales-por-ano-nuevo-y-la-feria-administrativa\/","title":{"rendered":"As\u00ed funcionar\u00e1n los servicios municipales por A\u00f1o Nuevo y la feria administrativa\u00a0"},"content":{"rendered":"\n<p><em>El servicio nocturno de recolecci\u00f3n de residuos del 31 de diciembre se adelantar\u00e1 a partir de las 14, mientras que el 1 de enero no habr\u00e1 prestaci\u00f3n, al igual que en la Caja Municipal, ACOR, el CEL, y las dem\u00e1s oficinas administrativas. Se mantendr\u00e1n las guardias en \u00e1reas esenciales y operativas.<\/em><\/p>\n\n\n\n<p>La Municipalidad de Corrientes informa acerca del funcionamiento de los servicios a su cargo por los festejos de A\u00f1o Nuevo, as\u00ed como la feria administrativa dispuesta por el titular del Departamento Ejecutivo para el personal comunal.<br>\u00a0<br>Vale recordar que el 1 de enero es feriado nacional, mientras que del 2 al 14 del primer mes del a\u00f1o habr\u00e1 feria administrativa ordinaria, dividi\u00e9ndose en dos turnos para garantizar el funcionamiento de todas las \u00e1reas. \u00a0<br>\u00a0<br>La Secretar\u00eda de Ambiente y Desarrollo Sustentable comunic\u00f3 que el servicio nocturno de recolecci\u00f3n de residuos del domingo 31 de diciembre se adelantar\u00e1 a partir de las 14; en A\u00f1o Nuevo no habr\u00e1 prestaci\u00f3n en la ciudad, mientras que en las restantes fechas se brindar\u00e1 normalmente en los horarios, d\u00edas y zonas habituales. El viernes 29 de este mes trabajar\u00e1n normalmente, incluso la recolecci\u00f3n diferenciada.<br>\u00a0<br>La Agencia Correntina de Recaudaci\u00f3n (ACOR) funcionar\u00e1 normalmente en las dos semanas de feria ordinaria en su sede de avenida La Paz 2440, en el horario de 7:15 a 16:00, con excepci\u00f3n del feriado del 1 de enero en que no habr\u00e1 atenci\u00f3n.<br>\u00a0<br>La Caja Municipal de Pr\u00e9stamo brindar\u00e1 atenci\u00f3n normal en d\u00edas h\u00e1biles las pr\u00f3ximas semanas, cerrando s\u00f3lo el 1 de enero debido al feriado nacional.<br>\u00a0<br>El Centro Emisor de Licencia (CEL) estar\u00e1 cerrado el 1 de enero. En la primera semana de enero funcionar\u00e1 en el horario de 13 a 19, mientras que en la segunda semana abrir\u00e1 sus puertas de 7 a 13.<br>\u00a0<br>El Tribunal de Faltas municipal tampoco atender\u00e1 durante A\u00f1o Nuevo. El 30 y 31 de diciembre funcionar\u00e1 en el horario de 9 a 15, exclusivamente para cuestiones urgentes relacionadas con retiro de veh\u00edculos de la v\u00eda p\u00fablica. Mientras que desde el 2 de enero en adelante, atender\u00e1 en d\u00edas h\u00e1biles de 8 a 18.<br>\u00a0<br>La Direcci\u00f3n General de Defunciones, ubicada en calle 25 de Mayo 1132 (Palacio Municipal), funcionar\u00e1 durante enero con una guardia que atender\u00e1, de 7 a 19, s\u00f3lo para tr\u00e1mites inherentes a inhumaciones, introducci\u00f3n de cenizas y traslados de car\u00e1cter urgente.<br><br>En tanto que los cementerios San Juan Bautista, del barrio Virgen de los Dolores, y San Isidro Labrador, de Laguna Brava, abrir\u00e1n en el mismo horario para visitas e inhumaciones.<br>\u00a0<br>Las Ferias de la Ciudad tendr\u00e1n actividad normal con excepci\u00f3n del 1 de enero.<br><br>El Mercado de Productos Frescos atender\u00e1 el s\u00e1bado 30 de diciembre en horario corrido, de 7 a 21, y domingo 31, los puestos abrir\u00e1n de 7 a 14, mientras que el 1 de enero pr\u00f3ximo estar\u00e1 cerrado.<br>\u00a0<br>Por su parte, el Mercado de Abasto (El Piso) funcionar\u00e1 el 30 de diciembre en horario de 7 a 13 y de 17 a 21; el 31 atender\u00e1 de 7 a 13,30, y el 1 de enero cerrar\u00e1 sus puertas.<br>\u00a0<br>Los Paseos de Compras ubicados en El Piso, zona Norte (barrio San Ger\u00f3nimo) y Ex v\u00edas, funcionar\u00e1n normalmente, de 7 a 20,30, con excepci\u00f3n de A\u00f1o Nuevo.<br>\u00a0<br>Los centros de atenci\u00f3n SUBE retomar\u00e1n la actividad a partir del 2 de enero en d\u00edas h\u00e1biles, de 7,30 a 13 en el Palacio Municipal, y de 7 a 13 en las delegaciones de los barrios Laguna Seca y Dr. Nicolini.<br>\u00a0<br>En tanto que a partir del 8 de enero se sumar\u00e1n los centros de atenci\u00f3n SUBE ubicados en la delegaci\u00f3n San Mart\u00edn, con atenci\u00f3n de 7,30 a 12 y en la delegaci\u00f3n 17 de Agosto, de 7 a 13.<br>\u00a0<br>Por su parte, desde la Subsecretar\u00eda de Transporte se indic\u00f3 que el estacionamiento medido no se cobrar\u00e1 durante el 1 de enero venidero.<br>\u00a0<br>La Secretar\u00eda de Salud confirm\u00f3 que el 1 de enero no habr\u00e1 atenci\u00f3n en las Salas de Atenci\u00f3n Primaria de la Salud (SAPS), mientras que el resto de los d\u00edas h\u00e1biles durante la feria ordinaria de la primera quincena de enero, funcionar\u00e1n normalmente en el horario de 8 a 18.<br>\u00a0<br>La Subsecretar\u00eda de Turismo inform\u00f3 que los Centros de Informes funcionar\u00e1n de acuerdo al siguiente esquema:\u00a0el d\u00eda 30 de diciembre plaza Vera, de 7 a 22 y la Terminal, de 14 a 20 y el d\u00eda 31\u00a0plaza Vera, de 7 a 21 y la Terminal, de 8 a 14hs.<br><br>Los restantes d\u00edas, incluidos la feria administrativa, atender\u00e1n de esta manera: plaza Vera, de lunes a viernes de 7 a 13:30 y de 14 a 20, y los fines de semana, de 8 a 22; y Terminal de \u00d3mnibus, de 8 a 20.<br>\u00a0<br>Se recuerda que por obras de refacci\u00f3n se encuentran cerrados los centros de informes de Punta Tacuara y de plaza Cabral, as\u00ed como el servicio de Eco Bicis.<br>\u00a0<br>Finalmente, durante la feria administrativa ordinaria, habr\u00e1 guardias en las \u00e1reas de Tr\u00e1nsito, Transporte, Guardia Urbana, barrido de calles, y otras \u00e1reas operativas, para garantizar los servicios.<\/p>\n\n\n\n<figure class=\"wp-block-image size-large\"><img loading=\"lazy\" decoding=\"async\" width=\"1024\" height=\"768\" src=\"https:\/\/corrientesdetarde.com\/wp-content\/uploads\/2023\/12\/image-695-1024x768.png\" alt=\"\" class=\"wp-image-114552\" srcset=\"https:\/\/corrientesdetarde.com\/wp-content\/uploads\/2023\/12\/image-695-1024x768.png 1024w, https:\/\/corrientesdetarde.com\/wp-content\/uploads\/2023\/12\/image-695-300x225.png 300w, https:\/\/corrientesdetarde.com\/wp-content\/uploads\/2023\/12\/image-695-768x576.png 768w, https:\/\/corrientesdetarde.com\/wp-content\/uploads\/2023\/12\/image-695.png 1140w\" sizes=\"auto, (max-width: 1024px) 100vw, 1024px\" \/><\/figure>\n\n\n\n<figure class=\"wp-block-image size-full\"><img loading=\"lazy\" decoding=\"async\" width=\"848\" height=\"565\" src=\"https:\/\/corrientesdetarde.com\/wp-content\/uploads\/2023\/12\/image-696.png\" alt=\"\" class=\"wp-image-114553\" srcset=\"https:\/\/corrientesdetarde.com\/wp-content\/uploads\/2023\/12\/image-696.png 848w, https:\/\/corrientesdetarde.com\/wp-content\/uploads\/2023\/12\/image-696-300x200.png 300w, https:\/\/corrientesdetarde.com\/wp-content\/uploads\/2023\/12\/image-696-768x512.png 768w\" sizes=\"auto, (max-width: 848px) 100vw, 848px\" \/><\/figure>\n\n\n\n<figure class=\"wp-block-image size-full\"><img loading=\"lazy\" decoding=\"async\" width=\"848\" height=\"565\" src=\"https:\/\/corrientesdetarde.com\/wp-content\/uploads\/2023\/12\/image-697.png\" alt=\"\" class=\"wp-image-114554\" srcset=\"https:\/\/corrientesdetarde.com\/wp-content\/uploads\/2023\/12\/image-697.png 848w, https:\/\/corrientesdetarde.com\/wp-content\/uploads\/2023\/12\/image-697-300x200.png 300w, https:\/\/corrientesdetarde.com\/wp-content\/uploads\/2023\/12\/image-697-768x512.png 768w\" sizes=\"auto, (max-width: 848px) 100vw, 848px\" \/><\/figure>\n\n\n\n<figure class=\"wp-block-image size-large\"><img loading=\"lazy\" decoding=\"async\" width=\"818\" height=\"1024\" src=\"https:\/\/corrientesdetarde.com\/wp-content\/uploads\/2023\/12\/image-698-818x1024.png\" alt=\"\" class=\"wp-image-114555\" srcset=\"https:\/\/corrientesdetarde.com\/wp-content\/uploads\/2023\/12\/image-698-818x1024.png 818w, https:\/\/corrientesdetarde.com\/wp-content\/uploads\/2023\/12\/image-698-240x300.png 240w, https:\/\/corrientesdetarde.com\/wp-content\/uploads\/2023\/12\/image-698-768x961.png 768w, https:\/\/corrientesdetarde.com\/wp-content\/uploads\/2023\/12\/image-698.png 1023w\" sizes=\"auto, (max-width: 818px) 100vw, 818px\" \/><\/figure>\n\n\n\n<figure class=\"wp-block-image size-large\"><img loading=\"lazy\" decoding=\"async\" width=\"818\" height=\"1024\" src=\"https:\/\/corrientesdetarde.com\/wp-content\/uploads\/2023\/12\/image-699-818x1024.png\" alt=\"\" class=\"wp-image-114556\" srcset=\"https:\/\/corrientesdetarde.com\/wp-content\/uploads\/2023\/12\/image-699-818x1024.png 818w, https:\/\/corrientesdetarde.com\/wp-content\/uploads\/2023\/12\/image-699-240x300.png 240w, https:\/\/corrientesdetarde.com\/wp-content\/uploads\/2023\/12\/image-699-768x961.png 768w, https:\/\/corrientesdetarde.com\/wp-content\/uploads\/2023\/12\/image-699.png 1023w\" sizes=\"auto, (max-width: 818px) 100vw, 818px\" \/><\/figure>\n","protected":false},"excerpt":{"rendered":"<p>El servicio nocturno de recolecci\u00f3n de residuos del 31 de diciembre se adelantar\u00e1 a partir de las 14, mientras que el 1 de enero no habr\u00e1 prestaci\u00f3n, al igual que&hellip; <\/p>\n","protected":false},"author":8,"featured_media":114557,"comment_status":"closed","ping_status":"open","sticky":false,"template":"","format":"standard","meta":{"footnotes":""},"categories":[17],"tags":[],"class_list":["post-114551","post","type-post","status-publish","format-standard","has-post-thumbnail","hentry","category-sociales"],"_links":{"self":[{"href":"https:\/\/corrientesdetarde.com\/index.php\/wp-json\/wp\/v2\/posts\/114551","targetHints":{"allow":["GET"]}}],"collection":[{"href":"https:\/\/corrientesdetarde.com\/index.php\/wp-json\/wp\/v2\/posts"}],"about":[{"href":"https:\/\/corrientesdetarde.com\/index.php\/wp-json\/wp\/v2\/types\/post"}],"author":[{"embeddable":true,"href":"https:\/\/corrientesdetarde.com\/index.php\/wp-json\/wp\/v2\/users\/8"}],"replies":[{"embeddable":true,"href":"https:\/\/corrientesdetarde.com\/index.php\/wp-json\/wp\/v2\/comments?post=114551"}],"version-history":[{"count":1,"href":"https:\/\/corrientesdetarde.com\/index.php\/wp-json\/wp\/v2\/posts\/114551\/revisions"}],"predecessor-version":[{"id":114558,"href":"https:\/\/corrientesdetarde.com\/index.php\/wp-json\/wp\/v2\/posts\/114551\/revisions\/114558"}],"wp:featuredmedia":[{"embeddable":true,"href":"https:\/\/corrientesdetarde.com\/index.php\/wp-json\/wp\/v2\/media\/114557"}],"wp:attachment":[{"href":"https:\/\/corrientesdetarde.com\/index.php\/wp-json\/wp\/v2\/media?parent=114551"}],"wp:term":[{"taxonomy":"category","embeddable":true,"href":"https:\/\/corrientesdetarde.com\/index.php\/wp-json\/wp\/v2\/categories?post=114551"},{"taxonomy":"post_tag","embeddable":true,"href":"https:\/\/corrientesdetarde.com\/index.php\/wp-json\/wp\/v2\/tags?post=114551"}],"curies":[{"name":"wp","href":"https:\/\/api.w.org\/{rel}","templated":true}]}}