{"id":114607,"date":"2023-12-28T16:52:32","date_gmt":"2023-12-28T19:52:32","guid":{"rendered":"https:\/\/corrientesdetarde.com\/?p=114607"},"modified":"2023-12-28T16:52:38","modified_gmt":"2023-12-28T19:52:38","slug":"cuales-son-las-reformas-de-la-ley-omnibus-que-generan-rechazo-en-la-oposicion","status":"publish","type":"post","link":"https:\/\/corrientesdetarde.com\/index.php\/nacionales\/cuales-son-las-reformas-de-la-ley-omnibus-que-generan-rechazo-en-la-oposicion\/","title":{"rendered":"Cu\u00e1les son las reformas de la Ley \u00d3mnibus que generan rechazo en la oposici\u00f3n"},"content":{"rendered":"\n<p>El megaproyecto busca otorgarle todo el poder a Javier Milei, prescindiendo de la intervenci\u00f3n del Congreso. La nueva forma de elecci\u00f3n de los legisladores tambi\u00e9n provoca controversias.<a href=\"https:\/\/tn.com.ar\/autor\/AdrianVentura\/\"><\/a><\/p>\n\n\n\n<p>El\u00a0<strong>megaproyecto\u00a0<\/strong>de\u00a0Ley Omnibus\u00a0que\u00a0Javier Milei envi\u00f3 el mi\u00e9rcoles al\u00a0<strong>Congreso\u00a0<\/strong>abarca materias completamente distintas unas de otras que, sin duda, generar\u00e1n muchas horas de discusi\u00f3n en la C\u00e1mara de Diputados.\u00a0<\/p>\n\n\n\n<p>Sin embargo, hay\u00a0<strong>dos reformas<\/strong>\u00a0que pueden resultar\u00a0<strong>especialmente irritantes<\/strong>\u00a0para el Congreso: una se relaciona con la\u00a0<strong>delegaci\u00f3n de atribuciones por razones de emergencia<\/strong>\u00a0que busca obtener el libertario; mientras que la otra est\u00e1 vinculada a las\u00a0<strong>elecciones de los diputados<\/strong>\u00a0por\u00a0<strong>circunscripciones uninominales<\/strong>.<\/p>\n\n\n\n<p>En cuanto a la primera de las dos reformas, es com\u00fan que los presidentes, al asumir, busquen que el Congreso les delegue atribuciones. Esta delegaci\u00f3n suele ser por dos a\u00f1os, con la posibilidad de solicitar una pr\u00f3rroga en caso de ser necesario. Sin embargo, en este caso,&nbsp;<strong>Milei propone obtener la delegaci\u00f3n por dos a\u00f1os<\/strong>&nbsp;y, si as\u00ed lo desea, extenderla por otros dos a\u00f1os m\u00e1s,&nbsp;<strong>totalizando cuatro<\/strong>.<\/p>\n\n\n\n<p>Esto implicar\u00eda pr\u00e1cticamente&nbsp;<strong>asumir el control del Congreso durante todo su mandato<\/strong>, prescindiendo de la intervenci\u00f3n de las c\u00e1maras. Algunos podr\u00edan interpretar que&nbsp;<strong>Milei busca cerrar simb\u00f3licamente el Congreso<\/strong>, al menos en t\u00e9rminos de atribuciones.<\/p>\n\n\n\n<figure class=\"wp-block-image\"><img decoding=\"async\" src=\"https:\/\/tn.com.ar\/resizer\/nlNmfceu4PM-X4gpZ4nNKOl5WW4=\/767x0\/smart\/filters:format(webp)\/cloudfront-us-east-1.images.arcpublishing.com\/artear\/SWMAVJPX2BHX7D7KMLGSAV5ULA.jpg\" alt=\"Guillermo Francos le entreg\u00f3 la ley \u00f3mnibus a Mart\u00edn Menem, presidente de la C\u00e1mara de Diputados. (Foto: Prensa Diputados)\"\/><\/figure>\n\n\n\n<p>La otra reforma pol\u00e9mica est\u00e1 relacionada con el&nbsp;<strong>\u00e1mbito electoral<\/strong>. Si bien la propuesta de&nbsp;<strong>eliminar las PASO<\/strong>&nbsp;y adoptar la&nbsp;<strong>boleta \u00fanica<\/strong>&nbsp;generan consenso,&nbsp;<strong>la forma de elecci\u00f3n de los diputados es motivo de controversia<\/strong>.<\/p>\n\n\n\n<p>Actualmente, los integrantes de la C\u00e1mara baja\u00a0<strong>se eligen de manera proporcional<\/strong>\u00a0dentro de cada provincia, lo que permite la representaci\u00f3n de diversos partidos. Milei propone un cambio a elecci\u00f3n por\u00a0<strong>circunscripciones uninominales<\/strong>, donde se elige\u00a0<strong>un solo diputado por cada \u00e1rea definida<\/strong>.<\/p>\n\n\n\n<p>Este sistema, presente en Estados Unidos y algunos otros pa\u00edses,&nbsp;<strong>tiende hacia un bipartidismo a lo largo del tiempo<\/strong>. En Argentina,&nbsp;<strong>esto beneficiar\u00eda al peronismo y posiblemente a Javier Milei<\/strong>&nbsp;y su partido,&nbsp;<strong>La Libertad Avanza<\/strong>. La inc\u00f3gnita es si otros partidos como la Uni\u00f3n C\u00edvica Radial (UCR), el PRO o la izquierda estar\u00e1n dispuestos a tolerar su progresiva exclusi\u00f3n de la c\u00e1mara.<\/p>\n\n\n\n<p>Con el env\u00edo de la Ley \u00d3mnibus al Congreso y la publicaci\u00f3n del decreto de Necesidad y Urgencia de desregulaci\u00f3n econ\u00f3mica (70\/2023) del jueves pasado,\u00a0<strong>Milei present\u00f3 sus principales propuestas de gobierno en una diferencia de siete d\u00edas<\/strong>.<\/p>\n\n\n\n<p>La forma de impulsar las&nbsp;<strong>reformas estructurales<\/strong>&nbsp;-a grandes rasgos por decreto y con una ley que compone modificaciones en nueve \u00e1reas clave- fue un punto de debate dentro del oficialismo, que termin\u00f3 por definirse por una&nbsp;<strong>estrategia de rapidez y shock<\/strong>.<\/p>\n\n\n\n<p>Los&nbsp;<strong>principales bloques opositores<\/strong>&nbsp;-desde el kirchnerismo hasta el PRO- ya analizan&nbsp;el texto de la Ley \u00d3mnibus de 351 p\u00e1ginas, 664 art\u00edculos y reformas profundas en materia econ\u00f3mica, tributaria, pol\u00edtica, social, penal, energ\u00e9tica, de defensa y seguridad, entre otras \u00e1reas. El desenlace est\u00e1 por verse.<\/p>\n","protected":false},"excerpt":{"rendered":"<p>El megaproyecto busca otorgarle todo el poder a Javier Milei, prescindiendo de la intervenci\u00f3n del Congreso. La nueva forma de elecci\u00f3n de los legisladores tambi\u00e9n provoca controversias. El\u00a0megaproyecto\u00a0de\u00a0Ley Omnibus\u00a0que\u00a0Javier Milei&hellip; <\/p>\n","protected":false},"author":8,"featured_media":114608,"comment_status":"closed","ping_status":"open","sticky":false,"template":"","format":"standard","meta":{"footnotes":""},"categories":[10],"tags":[],"class_list":["post-114607","post","type-post","status-publish","format-standard","has-post-thumbnail","hentry","category-nacionales"],"_links":{"self":[{"href":"https:\/\/corrientesdetarde.com\/index.php\/wp-json\/wp\/v2\/posts\/114607","targetHints":{"allow":["GET"]}}],"collection":[{"href":"https:\/\/corrientesdetarde.com\/index.php\/wp-json\/wp\/v2\/posts"}],"about":[{"href":"https:\/\/corrientesdetarde.com\/index.php\/wp-json\/wp\/v2\/types\/post"}],"author":[{"embeddable":true,"href":"https:\/\/corrientesdetarde.com\/index.php\/wp-json\/wp\/v2\/users\/8"}],"replies":[{"embeddable":true,"href":"https:\/\/corrientesdetarde.com\/index.php\/wp-json\/wp\/v2\/comments?post=114607"}],"version-history":[{"count":1,"href":"https:\/\/corrientesdetarde.com\/index.php\/wp-json\/wp\/v2\/posts\/114607\/revisions"}],"predecessor-version":[{"id":114609,"href":"https:\/\/corrientesdetarde.com\/index.php\/wp-json\/wp\/v2\/posts\/114607\/revisions\/114609"}],"wp:featuredmedia":[{"embeddable":true,"href":"https:\/\/corrientesdetarde.com\/index.php\/wp-json\/wp\/v2\/media\/114608"}],"wp:attachment":[{"href":"https:\/\/corrientesdetarde.com\/index.php\/wp-json\/wp\/v2\/media?parent=114607"}],"wp:term":[{"taxonomy":"category","embeddable":true,"href":"https:\/\/corrientesdetarde.com\/index.php\/wp-json\/wp\/v2\/categories?post=114607"},{"taxonomy":"post_tag","embeddable":true,"href":"https:\/\/corrientesdetarde.com\/index.php\/wp-json\/wp\/v2\/tags?post=114607"}],"curies":[{"name":"wp","href":"https:\/\/api.w.org\/{rel}","templated":true}]}}