{"id":114741,"date":"2023-12-29T09:24:40","date_gmt":"2023-12-29T12:24:40","guid":{"rendered":"https:\/\/corrientesdetarde.com\/?p=114741"},"modified":"2023-12-29T09:27:48","modified_gmt":"2023-12-29T12:27:48","slug":"calendario-de-feriados-2024-cuales-seran-los-fines-de-semana-largos-y-los-dias-no-laborables-en-argentina-2","status":"publish","type":"post","link":"https:\/\/corrientesdetarde.com\/index.php\/sociales\/calendario-de-feriados-2024-cuales-seran-los-fines-de-semana-largos-y-los-dias-no-laborables-en-argentina-2\/","title":{"rendered":"Calendario de feriados 2024: cu\u00e1les ser\u00e1n los fines de semana largos y los d\u00edas no laborables en Argentina"},"content":{"rendered":"\n<p>Este 2024 en Argentina tendr\u00e1 15\u00a0<strong>feriados<\/strong>inamovibles y cuatro trasladables. Adem\u00e1s, contar\u00e1 con siete\u00a0<strong>fines de semana largos<\/strong>.<\/p>\n\n\n\n<h2 class=\"wp-block-heading\">Feriados inamovibles<\/h2>\n\n\n\n<ul class=\"wp-block-list\"><li><strong>1 de enero<\/strong>: A\u00f1o Nuevo<\/li><li><strong>12 y 13 de febrero<\/strong>: Carnaval<\/li><li><strong>24 de marzo<\/strong>: D\u00eda Nacional de la Memoria por la Verdad y la Justicia<\/li><li><strong>29 de marzo<\/strong>: Viernes Santo<\/li><li><strong>1 de abril<\/strong>: Feriado con fines tur\u00edsticos<\/li><li><strong>2 de abril<\/strong>: D\u00eda del Veterano y de los Ca\u00eddos en la Guerra de Malvinas<\/li><li><strong>1 de mayo<\/strong>: D\u00eda del Trabajo<\/li><li><strong>25 de mayo<\/strong>: D\u00eda de la Revoluci\u00f3n de Mayo<\/li><li><strong>20 de junio<\/strong>: Paso a la Inmortalidad del General Don Manuel Belgrano<\/li><li><strong>21 de junio<\/strong>: Feriado con fines tur\u00edsticos<\/li><li><strong>9 de julio<\/strong>: D\u00eda de la Independencia<\/li><li><strong>11 de octubre<\/strong>: Feriado con fines tur\u00edsticos<\/li><li><strong>8 de diciembre<\/strong>: D\u00eda de la Inmaculada Concepci\u00f3n de Mar\u00eda<\/li><li><strong>25 de diciembre<\/strong>: Navidad<\/li><\/ul>\n\n\n\n<h2 class=\"wp-block-heading\">Feriados trasladables<\/h2>\n\n\n\n<ul class=\"wp-block-list\"><li><strong>17 de junio<\/strong>: Paso a la Inmortalidad del General Don Mart\u00edn Miguel de G\u00fcemes<\/li><li><strong>17 de agosto<\/strong>: Paso a la Inmortalidad del General Don Jos\u00e9 de San Mart\u00edn<\/li><li><strong>12 de octubre<\/strong>: D\u00eda del Respeto a la Diversidad Cultural<\/li><li><strong>20 de noviembre<\/strong>: D\u00eda de la Soberan\u00eda Nacional<\/li><\/ul>\n\n\n\n<p>Por lo general, cuando los feriados caen en d\u00edas martes o mi\u00e9rcoles, se trasladan al lunes anterior, mientras que aquellos que coinciden con jueves o viernes se trasladan al lunes siguiente. En este caso particular, solo se trasladar\u00eda el D\u00eda de la Soberan\u00eda Nacional.<\/p>\n\n\n\n<h2 class=\"wp-block-heading\">\u00bfCu\u00e1les ser\u00edan los fines de semana largos de 2024?<\/h2>\n\n\n\n<ul class=\"wp-block-list\"><li>Desde el 30 de diciembre de 2023 al 1 de enero de 2024: el a\u00f1o comienza con&nbsp;<strong>3 d\u00edas de descanso<\/strong>.<\/li><li>Desde el 10 de febrero al 13 de febrero:&nbsp;<strong>4 d\u00edas de descanso<\/strong>.<\/li><li>Desde el 29 de marzo al 2 de abril:&nbsp;<strong>5 d\u00edas de descanso<\/strong>.<\/li><li>Desde el 15 de junio al 17 de junio:&nbsp;<strong>3 d\u00edas de descanso<\/strong>.<\/li><li>Desde el 20 de junio al 23 de junio:&nbsp;<strong>4 d\u00edas de descanso.<\/strong><\/li><li>Desde el 11 de octubre al 14 de octubre:&nbsp;<strong>4 d\u00edas de descanso<\/strong>.<\/li><li>Desde el 16 de noviembre al 18 de noviembre:&nbsp;<strong>3 d\u00edas de descanso<\/strong>.<\/li><\/ul>\n","protected":false},"excerpt":{"rendered":"<p>Este 2024 en Argentina tendr\u00e1 15\u00a0feriadosinamovibles y cuatro trasladables. Adem\u00e1s, contar\u00e1 con siete\u00a0fines de semana largos. Feriados inamovibles 1 de enero: A\u00f1o Nuevo 12 y 13 de febrero: Carnaval 24&hellip; <\/p>\n","protected":false},"author":12,"featured_media":114742,"comment_status":"closed","ping_status":"open","sticky":false,"template":"","format":"standard","meta":{"footnotes":""},"categories":[17],"tags":[],"class_list":["post-114741","post","type-post","status-publish","format-standard","has-post-thumbnail","hentry","category-sociales"],"_links":{"self":[{"href":"https:\/\/corrientesdetarde.com\/index.php\/wp-json\/wp\/v2\/posts\/114741","targetHints":{"allow":["GET"]}}],"collection":[{"href":"https:\/\/corrientesdetarde.com\/index.php\/wp-json\/wp\/v2\/posts"}],"about":[{"href":"https:\/\/corrientesdetarde.com\/index.php\/wp-json\/wp\/v2\/types\/post"}],"author":[{"embeddable":true,"href":"https:\/\/corrientesdetarde.com\/index.php\/wp-json\/wp\/v2\/users\/12"}],"replies":[{"embeddable":true,"href":"https:\/\/corrientesdetarde.com\/index.php\/wp-json\/wp\/v2\/comments?post=114741"}],"version-history":[{"count":2,"href":"https:\/\/corrientesdetarde.com\/index.php\/wp-json\/wp\/v2\/posts\/114741\/revisions"}],"predecessor-version":[{"id":114750,"href":"https:\/\/corrientesdetarde.com\/index.php\/wp-json\/wp\/v2\/posts\/114741\/revisions\/114750"}],"wp:featuredmedia":[{"embeddable":true,"href":"https:\/\/corrientesdetarde.com\/index.php\/wp-json\/wp\/v2\/media\/114742"}],"wp:attachment":[{"href":"https:\/\/corrientesdetarde.com\/index.php\/wp-json\/wp\/v2\/media?parent=114741"}],"wp:term":[{"taxonomy":"category","embeddable":true,"href":"https:\/\/corrientesdetarde.com\/index.php\/wp-json\/wp\/v2\/categories?post=114741"},{"taxonomy":"post_tag","embeddable":true,"href":"https:\/\/corrientesdetarde.com\/index.php\/wp-json\/wp\/v2\/tags?post=114741"}],"curies":[{"name":"wp","href":"https:\/\/api.w.org\/{rel}","templated":true}]}}