{"id":114752,"date":"2023-12-29T09:46:24","date_gmt":"2023-12-29T12:46:24","guid":{"rendered":"https:\/\/corrientesdetarde.com\/?p=114752"},"modified":"2023-12-29T09:51:58","modified_gmt":"2023-12-29T12:51:58","slug":"la-anses-prorrogo-por-dos-anos-la-suspension-de-los-pagos-retroactivos-a-las-jubilaciones-de-privilegio","status":"publish","type":"post","link":"https:\/\/corrientesdetarde.com\/index.php\/politica\/la-anses-prorrogo-por-dos-anos-la-suspension-de-los-pagos-retroactivos-a-las-jubilaciones-de-privilegio\/","title":{"rendered":"La ANSES prorrog\u00f3 por dos a\u00f1os la suspensi\u00f3n de los pagos retroactivos a las jubilaciones de privilegio"},"content":{"rendered":"\n<p>La\u00a0<strong>ANSES<\/strong>prorrog\u00f3 por dos a\u00f1os la<strong>\u00a0suspensi\u00f3n del pago de los retroactivos<\/strong>\u00a0por<strong>\u00a0prestaciones\u00a0<\/strong>de<strong>\u00a0expresidente<\/strong>s y\u00a0<strong>exvicepresidentes<\/strong>\u00a0que fue dispuesta a mediados de 2020. La medida fue publicada este viernes a trav\u00e9s de la\u00a0<strong>resoluci\u00f3n 601<\/strong>\u00a0firmada por el director ejecutivo del organismo previsional,\u00a0<strong>Osvaldo Giordano<\/strong>. De esta manera, la medida impide que\u00a0<strong>Cristina Kirchner<\/strong>y\u00a0<strong>Mauricio Macri<\/strong>\u00a0cobren un retroactivo por sus jubilaciones de privilegio.<\/p>\n\n\n\n<p>De acuerdo con la decisi\u00f3n, la ANSES\u00a0<strong>no realizar\u00e1 pagos retroactivos por esos beneficios mientras rija la \u201cemergencia p\u00fablica<\/strong>\u00a0<strong>en materia econ\u00f3mica<\/strong>, financiera, fiscal, administrativa, previsional, tarifaria, sanitaria y social\u201d fijada por el DNU 70 que firm\u00f3 el presidente\u00a0<strong>Javier Milei<\/strong>\u00a0y su gabinete.\u00a0<strong>As\u00ed, los jueces, presidentes y vicepresidentes que finalizaron su cargo no podr\u00e1n recibir pagos de este tipo hasta finales de 2025.<\/strong><\/p>\n\n\n\n<p>En junio de 2020, durante la gesti\u00f3n de Alberto Fern\u00e1ndez, la Administraci\u00f3n Nacional de la Seguridad Social determin\u00f3 a trav\u00e9s de la resoluci\u00f3n 230 \u201c<strong>suspender mientras dure la emergencia p\u00fablica en materia sanitaria&nbsp;<\/strong>establecida por la Ley 27.541 ampliada por el Decreto 260\/20, el pago de los haberes retroactivos en el alta de las prestaciones otorgadas en los t\u00e9rminos del art\u00edculo 1\u00b0 de la Ley 24.018\u2033.<\/p>\n\n\n\n<p>La medida de la ANSES tambi\u00e9n alcanza a los exvicepresidentes&nbsp;<strong>Amado Boudou&nbsp;<\/strong>y&nbsp;<strong>Gabriela Michetti<\/strong>, por los montos de los beneficios vitalicios que se hayan acumulado desde el momento en que cada uno obtuvo el derecho -seg\u00fan dicta la ley 24.018- y el mes en que se empez\u00f3 a cobrar la prestaci\u00f3n.<\/p>\n\n\n\n<h2 class=\"wp-block-heading\">Suspensi\u00f3n del pago de retroactivos por asignaciones de privilegio: a qui\u00e9nes alcanza<\/h2>\n\n\n\n<p>En junio de 2020, durante la gesti\u00f3n de&nbsp;<strong>Alberto Fern\u00e1ndez<\/strong>, a trav\u00e9s de la resoluci\u00f3n 230, la ANSES determin\u00f3&nbsp;<strong>suspender&nbsp;<\/strong>los pagos retroactivos por prestaciones de expresidentes y exvicepresidentes&nbsp;<strong>\u201cmientras dure la emergencia p\u00fablica en materia sanitaria\u201d<\/strong>.<\/p>\n\n\n\n<p>As\u00ed, el gobierno de\u00a0<strong>Javier Milei<\/strong>\u00a0decidi\u00f3 prorrogar por dos a\u00f1os esta normativa hasta que finalice la \u201cemergencia\u00a0<strong>en materia econ\u00f3mica\u201d\u00a0<\/strong>fijada hasta el 31 de diciembre de 2025, seg\u00fan indica el DNU 70.<\/p>\n\n\n\n<p>La decisi\u00f3n del organismo previsional abarca desde&nbsp;<strong>Cristina Kirchner<\/strong>&nbsp;hasta Gabriela Michetti y la pr\u00f3rroga se da debido a que el pa\u00eds \u201c<strong>se encuentra atravesando una situaci\u00f3n de in\u00e9dita gravedad<\/strong>, generadora de profundos desequilibrios que impactan negativamente en toda la poblaci\u00f3n, en especial en lo social y econ\u00f3mico\u201d.<\/p>\n\n\n\n<figure class=\"wp-block-image\"><img decoding=\"async\" src=\"https:\/\/tn.com.ar\/resizer\/KmuhXDbo9afIAMg5Hx0vQpAt0i8=\/767x0\/smart\/filters:format(webp)\/cloudfront-us-east-1.images.arcpublishing.com\/artear\/A2HIL7OBGNDUZN2I5KCUAJPZWU.jpg\" alt=\"La medida impide que Cristina Kirchner y Mauricio Macri cobren un retroactivo por sus jubilaciones de privilegio.(Foto: NA - Hugo Villalobos).\"\/><figcaption>La medida impide que Cristina Kirchner y Mauricio Macri cobren un retroactivo por sus jubilaciones de privilegio.(Foto: NA &#8211; Hugo Villalobos).<\/figcaption><\/figure>\n\n\n\n<p>Adem\u00e1s, remarca que existe \u201cuna situaci\u00f3n de enorme gravedad social, como consecuencia de una econom\u00eda que no crece desde el a\u00f1o 2011, con alt\u00edsimos \u00edndices de pobreza e indigencia -con especial impacto en la ni\u00f1ez-y deterioro de los salarios reales, ayudas sociales y haberes previsionales\u201d.<\/p>\n","protected":false},"excerpt":{"rendered":"<p>La\u00a0ANSESprorrog\u00f3 por dos a\u00f1os la\u00a0suspensi\u00f3n del pago de los retroactivos\u00a0por\u00a0prestaciones\u00a0de\u00a0expresidentes y\u00a0exvicepresidentes\u00a0que fue dispuesta a mediados de 2020. La medida fue publicada este viernes a trav\u00e9s de la\u00a0resoluci\u00f3n 601\u00a0firmada por el&hellip; <\/p>\n","protected":false},"author":12,"featured_media":114756,"comment_status":"closed","ping_status":"open","sticky":false,"template":"","format":"standard","meta":{"footnotes":""},"categories":[3],"tags":[],"class_list":["post-114752","post","type-post","status-publish","format-standard","has-post-thumbnail","hentry","category-politica"],"_links":{"self":[{"href":"https:\/\/corrientesdetarde.com\/index.php\/wp-json\/wp\/v2\/posts\/114752","targetHints":{"allow":["GET"]}}],"collection":[{"href":"https:\/\/corrientesdetarde.com\/index.php\/wp-json\/wp\/v2\/posts"}],"about":[{"href":"https:\/\/corrientesdetarde.com\/index.php\/wp-json\/wp\/v2\/types\/post"}],"author":[{"embeddable":true,"href":"https:\/\/corrientesdetarde.com\/index.php\/wp-json\/wp\/v2\/users\/12"}],"replies":[{"embeddable":true,"href":"https:\/\/corrientesdetarde.com\/index.php\/wp-json\/wp\/v2\/comments?post=114752"}],"version-history":[{"count":2,"href":"https:\/\/corrientesdetarde.com\/index.php\/wp-json\/wp\/v2\/posts\/114752\/revisions"}],"predecessor-version":[{"id":114767,"href":"https:\/\/corrientesdetarde.com\/index.php\/wp-json\/wp\/v2\/posts\/114752\/revisions\/114767"}],"wp:featuredmedia":[{"embeddable":true,"href":"https:\/\/corrientesdetarde.com\/index.php\/wp-json\/wp\/v2\/media\/114756"}],"wp:attachment":[{"href":"https:\/\/corrientesdetarde.com\/index.php\/wp-json\/wp\/v2\/media?parent=114752"}],"wp:term":[{"taxonomy":"category","embeddable":true,"href":"https:\/\/corrientesdetarde.com\/index.php\/wp-json\/wp\/v2\/categories?post=114752"},{"taxonomy":"post_tag","embeddable":true,"href":"https:\/\/corrientesdetarde.com\/index.php\/wp-json\/wp\/v2\/tags?post=114752"}],"curies":[{"name":"wp","href":"https:\/\/api.w.org\/{rel}","templated":true}]}}