{"id":114878,"date":"2023-12-29T13:29:27","date_gmt":"2023-12-29T16:29:27","guid":{"rendered":"https:\/\/corrientesdetarde.com\/?p=114878"},"modified":"2023-12-29T13:31:44","modified_gmt":"2023-12-29T16:31:44","slug":"unificado-reclamo-de-las-organizaciones-de-defensa-del-consumidor-frente-a-medidas-legislativas-controvertidas","status":"publish","type":"post","link":"https:\/\/corrientesdetarde.com\/index.php\/politica\/unificado-reclamo-de-las-organizaciones-de-defensa-del-consumidor-frente-a-medidas-legislativas-controvertidas\/","title":{"rendered":"UNIFICADO RECLAMO DE LAS ORGANIZACIONES DE DEFENSA DEL CONSUMIDOR FRENTE AL INTENTO DE PODER TOTAL POR PARTE DEL EJECUTIVO"},"content":{"rendered":"\n<p>(Pablo Roma, Congreso Nacional) &#8211; Un frente consolidado de organizaciones de defensa del consumidor alz\u00f3 su voz en el Congreso Nacional para rechazar en\u00e9rgicamente el DNU de Milei y el proyecto de ley \u00f3mnibus, se\u00f1alando su preocupaci\u00f3n por&nbsp; las seguras repercusiones adversas en los derechos adquiridos por usuarios y consumidores.<\/p>\n\n\n\n<p>En una impactante iniciativa, m\u00e1s de 20 asociaciones de usuarios y consumidores se han congregado en un esfuerzo conjunto para hacer un llamado urgente al Congreso. Este llamamiento se enfoca en la necesidad imperiosa de desestimar el decreto, considerado, desde la perspectiva de estos defensores, como una clara afrenta a los derechos fundamentales de quienes utilizan y consumen bienes y servicios en nuestro pa\u00eds.<\/p>\n\n\n\n<p>Fernando Barrera, Director Centro de Educaci\u00f3n, Servicios y Asesoramiento al Consumidor, manifest\u00f3 con firmeza que han presentado una nota tanto en el Senado como en Diputados.<\/p>\n\n\n\n<p>En esta comunicaci\u00f3n, solicitan con premura la convocatoria de la bicameral correspondiente, con el fin de iniciar el tratamiento necesario para evaluar la constitucionalidad del mencionado decreto. En sus palabras, Barrera enfatiz\u00f3 que consideran este acto como &#8220;absolutamente inconstitucional y violatorio de los derechos adquiridos por usuarios y consumidores&#8221;.<\/p>\n\n\n\n<p>&#8220;Es perjudicial para los usuarios y los consumidores en muchos aspectos&#8221;, declar\u00f3 Barrera, aludiendo a los potenciales efectos adversos en diversas \u00e1reas, desde la relaci\u00f3n de consumo con las tarjetas de cr\u00e9dito hasta la problem\u00e1tica suscitada por la derogaci\u00f3n de la ley de alquileres, afectando a un considerable porcentaje de los habitantes de la Ciudad de Buenos Aires. &#8220;M\u00e1s del 40% de quienes viven en la Ciudad se encuentran desprotegidos en una relaci\u00f3n de locaci\u00f3n frente al propietario de un bien en alquiler&#8221;, a\u00f1adi\u00f3.<\/p>\n\n\n\n<p>Adem\u00e1s, destac\u00f3 los dilemas concernientes al incremento de las cuotas de las prepagas, especialmente para los adultos mayores, bajo un esquema de condiciones de c\u00e1pita. Barrera subray\u00f3 que estas cuestiones no son nuevas para ellos, ya que han estado abordando estos problemas durante un largo periodo. Han recibido y contin\u00faan recibiendo denuncias de consumidores y usuarios sobre diversos temas, desde medicina prepaga hasta tarjetas de cr\u00e9dito y telefon\u00eda.<\/p>\n\n\n\n<p>&#8220;Ahora se desregulan, perjudicando el inter\u00e9s leg\u00edtimo que tiene el usuario y el consumidor en la relaci\u00f3n de consumo&#8221;, expres\u00f3 Barrera en referencia a estas medidas que, seg\u00fan su perspectiva, desprotegen a los ciudadanos en sus transacciones cotidianas.<\/p>\n\n\n\n<p>Con un llamado en\u00e9rgico y un rechazo rotundo a estas medidas, las asociaciones que representan a los consumidores y usuarios, esperan ser convocados por el Senado y el Congreso para discutir la inconstitucionalidad del decreto.&nbsp;<\/p>\n\n\n\n<p>Es un llamado a la defensa de los derechos adquiridos y a la protecci\u00f3n de los usuarios y consumidores, un grito colectivo que busca ser escuchado en el \u00e1mbito legislativo para revertir estas medidas que podr\u00edan impactar adversamente en la vida cotidiana de la poblaci\u00f3n.<\/p>\n\n\n\n<div data-wp-interactive=\"core\/file\" class=\"wp-block-file\"><object data-wp-bind--hidden=\"!state.hasPdfPreview\" hidden class=\"wp-block-file__embed\" data=\"https:\/\/corrientesdetarde.com\/wp-content\/uploads\/2023\/12\/Nota-DNU-Senado-2.pdf\" type=\"application\/pdf\" style=\"width:100%;height:600px\" aria-label=\"Incrustado de Incrustado de Nota-DNU-Senado-2..\"><\/object><a id=\"wp-block-file--media-ce7372a6-4260-4eeb-949e-384e747b6e70\" href=\"https:\/\/corrientesdetarde.com\/wp-content\/uploads\/2023\/12\/Nota-DNU-Senado-2.pdf\">Nota-DNU-Senado-2<\/a><a href=\"https:\/\/corrientesdetarde.com\/wp-content\/uploads\/2023\/12\/Nota-DNU-Senado-2.pdf\" class=\"wp-block-file__button\" download aria-describedby=\"wp-block-file--media-ce7372a6-4260-4eeb-949e-384e747b6e70\">Descarga<\/a><\/div>\n","protected":false},"excerpt":{"rendered":"<p>(Pablo Roma, Congreso Nacional) &#8211; Un frente consolidado de organizaciones de defensa del consumidor alz\u00f3 su voz en el Congreso Nacional para rechazar en\u00e9rgicamente el DNU de Milei y el&hellip; <\/p>\n","protected":false},"author":11,"featured_media":114881,"comment_status":"closed","ping_status":"open","sticky":false,"template":"","format":"standard","meta":{"footnotes":""},"categories":[3],"tags":[485,54,1403],"class_list":["post-114878","post","type-post","status-publish","format-standard","has-post-thumbnail","hentry","category-politica","tag-barrera","tag-congreso","tag-consumidores"],"_links":{"self":[{"href":"https:\/\/corrientesdetarde.com\/index.php\/wp-json\/wp\/v2\/posts\/114878","targetHints":{"allow":["GET"]}}],"collection":[{"href":"https:\/\/corrientesdetarde.com\/index.php\/wp-json\/wp\/v2\/posts"}],"about":[{"href":"https:\/\/corrientesdetarde.com\/index.php\/wp-json\/wp\/v2\/types\/post"}],"author":[{"embeddable":true,"href":"https:\/\/corrientesdetarde.com\/index.php\/wp-json\/wp\/v2\/users\/11"}],"replies":[{"embeddable":true,"href":"https:\/\/corrientesdetarde.com\/index.php\/wp-json\/wp\/v2\/comments?post=114878"}],"version-history":[{"count":2,"href":"https:\/\/corrientesdetarde.com\/index.php\/wp-json\/wp\/v2\/posts\/114878\/revisions"}],"predecessor-version":[{"id":114885,"href":"https:\/\/corrientesdetarde.com\/index.php\/wp-json\/wp\/v2\/posts\/114878\/revisions\/114885"}],"wp:featuredmedia":[{"embeddable":true,"href":"https:\/\/corrientesdetarde.com\/index.php\/wp-json\/wp\/v2\/media\/114881"}],"wp:attachment":[{"href":"https:\/\/corrientesdetarde.com\/index.php\/wp-json\/wp\/v2\/media?parent=114878"}],"wp:term":[{"taxonomy":"category","embeddable":true,"href":"https:\/\/corrientesdetarde.com\/index.php\/wp-json\/wp\/v2\/categories?post=114878"},{"taxonomy":"post_tag","embeddable":true,"href":"https:\/\/corrientesdetarde.com\/index.php\/wp-json\/wp\/v2\/tags?post=114878"}],"curies":[{"name":"wp","href":"https:\/\/api.w.org\/{rel}","templated":true}]}}