{"id":114887,"date":"2023-12-29T14:31:32","date_gmt":"2023-12-29T17:31:32","guid":{"rendered":"https:\/\/corrientesdetarde.com\/?p=114887"},"modified":"2023-12-29T14:31:57","modified_gmt":"2023-12-29T17:31:57","slug":"maria-becerra-se-fue-del-pais-tras-la-denuncia-de-sus-vecinos-de-vicente-lopez","status":"publish","type":"post","link":"https:\/\/corrientesdetarde.com\/index.php\/espectaculos\/maria-becerra-se-fue-del-pais-tras-la-denuncia-de-sus-vecinos-de-vicente-lopez\/","title":{"rendered":"Mar\u00eda Becerra se fue del pa\u00eds tras la denuncia de sus vecinos de Vicente L\u00f3pez"},"content":{"rendered":"\n<p>&nbsp;<br>Mar\u00eda Becerra fue denunciada esta semana por sus vecinos del barrio de Vicente L\u00f3pez y en las \u00faltimas horas se supo que hizo la cantante.<\/p>\n\n\n\n<p><br>Juan Etchegoyen cont\u00f3 que la int\u00e9rprete fue denunciada por sus vecinos de Vicente L\u00f3pez por el uso indebido del espacio p\u00fablico y ahora dio a conocer la reacci\u00f3n de la cantante. &#8220;Esta semana te cont\u00e9 que Mar\u00eda Becerra fue denunciada por sus vecinos y me han contado en las \u00faltimas horas que la cantante se fue del pa\u00eds despu\u00e9s de este episodio&#8221;, dijo el conductor.<\/p>\n\n\n\n<p>&nbsp;<br>Y cont\u00f3: &#8220;Yo quiero imaginar que esto se debe a una casualidad, quiero creer que Becerra ya ten\u00eda planificado este viaje y no se fue por esto qu\u00e9 pas\u00f3, aparte podr\u00eda haberse ido a otra propiedad en Buenos Aires y no lo hizo&#8221;.<\/p>\n","protected":false},"excerpt":{"rendered":"<p>&nbsp;Mar\u00eda Becerra fue denunciada esta semana por sus vecinos del barrio de Vicente L\u00f3pez y en las \u00faltimas horas se supo que hizo la cantante. Juan Etchegoyen cont\u00f3 que la&hellip; <\/p>\n","protected":false},"author":1,"featured_media":114917,"comment_status":"closed","ping_status":"open","sticky":false,"template":"","format":"standard","meta":{"footnotes":""},"categories":[19],"tags":[],"class_list":["post-114887","post","type-post","status-publish","format-standard","has-post-thumbnail","hentry","category-espectaculos"],"_links":{"self":[{"href":"https:\/\/corrientesdetarde.com\/index.php\/wp-json\/wp\/v2\/posts\/114887","targetHints":{"allow":["GET"]}}],"collection":[{"href":"https:\/\/corrientesdetarde.com\/index.php\/wp-json\/wp\/v2\/posts"}],"about":[{"href":"https:\/\/corrientesdetarde.com\/index.php\/wp-json\/wp\/v2\/types\/post"}],"author":[{"embeddable":true,"href":"https:\/\/corrientesdetarde.com\/index.php\/wp-json\/wp\/v2\/users\/1"}],"replies":[{"embeddable":true,"href":"https:\/\/corrientesdetarde.com\/index.php\/wp-json\/wp\/v2\/comments?post=114887"}],"version-history":[{"count":2,"href":"https:\/\/corrientesdetarde.com\/index.php\/wp-json\/wp\/v2\/posts\/114887\/revisions"}],"predecessor-version":[{"id":114919,"href":"https:\/\/corrientesdetarde.com\/index.php\/wp-json\/wp\/v2\/posts\/114887\/revisions\/114919"}],"wp:featuredmedia":[{"embeddable":true,"href":"https:\/\/corrientesdetarde.com\/index.php\/wp-json\/wp\/v2\/media\/114917"}],"wp:attachment":[{"href":"https:\/\/corrientesdetarde.com\/index.php\/wp-json\/wp\/v2\/media?parent=114887"}],"wp:term":[{"taxonomy":"category","embeddable":true,"href":"https:\/\/corrientesdetarde.com\/index.php\/wp-json\/wp\/v2\/categories?post=114887"},{"taxonomy":"post_tag","embeddable":true,"href":"https:\/\/corrientesdetarde.com\/index.php\/wp-json\/wp\/v2\/tags?post=114887"}],"curies":[{"name":"wp","href":"https:\/\/api.w.org\/{rel}","templated":true}]}}