{"id":114890,"date":"2023-12-29T14:17:15","date_gmt":"2023-12-29T17:17:15","guid":{"rendered":"https:\/\/corrientesdetarde.com\/?p=114890"},"modified":"2023-12-29T20:23:27","modified_gmt":"2023-12-29T23:23:27","slug":"cuadrillas-municipales-realizan-tareas-tras-las-lluvias-y-los-fuertes-vientos","status":"publish","type":"post","link":"https:\/\/corrientesdetarde.com\/index.php\/locales\/cuadrillas-municipales-realizan-tareas-tras-las-lluvias-y-los-fuertes-vientos\/","title":{"rendered":"Cuadrillas municipales realizan tareas tras las lluvias y los fuertes vientos"},"content":{"rendered":"\n<p>Por las r\u00e1fagas de vientos de hasta 40 km\/h durante la madrugada, se registr\u00f3 la ca\u00edda de \u00e1rboles en inmediaciones del Hospital Llano y la plaza Cabral, como as\u00ed tambi\u00e9n en los barrios Independencia y Sapucay. En las zonas se realizaron los respectivos despejes. Hasta las 10 de la ma\u00f1ana cayeron 46 mil\u00edmetros y se esperan precipitaciones durante las pr\u00f3ximas horas.<\/p>\n\n\n\n<p>Ante las lluvias y los fuertes vientos, cuadrillas de todas las delegaciones de la Municipalidad de Corrientes realizaron este viernes trabajos en diferentes puntos de la ciudad. Durante la madrugada y hasta las 10 de la ma\u00f1ana cayeron 46 mil\u00edmetros.<\/p>\n\n\n\n<figure class=\"wp-block-image size-large\"><img loading=\"lazy\" decoding=\"async\" width=\"1024\" height=\"684\" src=\"https:\/\/corrientesdetarde.com\/wp-content\/uploads\/2023\/12\/image-737-1024x684.png\" alt=\"\" class=\"wp-image-114903\" srcset=\"https:\/\/corrientesdetarde.com\/wp-content\/uploads\/2023\/12\/image-737-1024x684.png 1024w, https:\/\/corrientesdetarde.com\/wp-content\/uploads\/2023\/12\/image-737-300x200.png 300w, https:\/\/corrientesdetarde.com\/wp-content\/uploads\/2023\/12\/image-737-768x513.png 768w, https:\/\/corrientesdetarde.com\/wp-content\/uploads\/2023\/12\/image-737.png 1280w\" sizes=\"auto, (max-width: 1024px) 100vw, 1024px\" \/><\/figure>\n\n\n\n<p><br><br>El subsecretario de Gesti\u00f3n Integral de Riesgos, Jos\u00e9 Pedro Ru\u00edz, afirm\u00f3 que \u201cla ciudad soport\u00f3 las fuertes lluvias, el agua escurri\u00f3 bastante bien y hasta el momento no se registraron serios problemas en los barrios\u201d.<br><br>El funcionario se\u00f1al\u00f3 que \u201cdesde las 3.50 las r\u00e1fagas de viento llegaron a los 40 km\/h por lo que se registraron las ca\u00eddas de al menos seis \u00e1rboles en la calle Quintana al 1300, en inmediaciones al Hospital Llano, plaza Cabral y en los barrios Sapucay e Independencia\u201d. En todas zonas afectadas trabaj\u00f3 el personal municipal para retirarlos y habilitar la libre circulaci\u00f3n.<br><br>Adem\u00e1s, Ruiz precis\u00f3 que las cuadrillas est\u00e1n recorriendo y despejando los sumideros en diferentes puntos de la ciudad. \u201cEl personal de todas las delegaciones est\u00e1 trabajando para atender y brindar soluciones a los vecinos\u201d, sostuvo.<br><br>El subsecretario Gesti\u00f3n Integral de Riesgos precis\u00f3 que tanto la l\u00ednea 0800-555-6864 y la 147 est\u00e1n habilitadas ante cualquier emergencia.<br><br>Por otra parte, solicit\u00f3 colaboraci\u00f3n a los vecinos para que \u201ccirculen con precauci\u00f3n en sus autos y motos, m\u00e1s en estos d\u00edas lluviosos; tambi\u00e9n le pedimos que no tiren los residuos y las bolsas de basura, que son los que obstruyen los sumideros y evitan que el agua circule normalmente\u201d.<br><br>PRON\u00d3STICO<br><br>Entre tanto, el subsecretario Gesti\u00f3n Integral de Riesgos indic\u00f3 que se esperan lluvias hasta el mediod\u00eda de este viernes, de acuerdo a los datos brindados por el Servicio Meteorol\u00f3gico Nacional.<br><br>A su vez, Ruiz adelant\u00f3 que \u201cseg\u00fan el pron\u00f3stico no se esperan precipitaciones en los pr\u00f3ximos ocho d\u00edas\u201d.<\/p>\n\n\n\n<figure class=\"wp-block-image size-full\"><img loading=\"lazy\" decoding=\"async\" width=\"738\" height=\"978\" src=\"https:\/\/corrientesdetarde.com\/wp-content\/uploads\/2023\/12\/image-738.png\" alt=\"\" class=\"wp-image-114904\" srcset=\"https:\/\/corrientesdetarde.com\/wp-content\/uploads\/2023\/12\/image-738.png 738w, https:\/\/corrientesdetarde.com\/wp-content\/uploads\/2023\/12\/image-738-226x300.png 226w\" sizes=\"auto, (max-width: 738px) 100vw, 738px\" \/><\/figure>\n","protected":false},"excerpt":{"rendered":"<p>Por las r\u00e1fagas de vientos de hasta 40 km\/h durante la madrugada, se registr\u00f3 la ca\u00edda de \u00e1rboles en inmediaciones del Hospital Llano y la plaza Cabral, como as\u00ed tambi\u00e9n&hellip; <\/p>\n","protected":false},"author":1,"featured_media":114902,"comment_status":"closed","ping_status":"open","sticky":false,"template":"","format":"standard","meta":{"footnotes":""},"categories":[8],"tags":[],"class_list":["post-114890","post","type-post","status-publish","format-standard","has-post-thumbnail","hentry","category-locales"],"_links":{"self":[{"href":"https:\/\/corrientesdetarde.com\/index.php\/wp-json\/wp\/v2\/posts\/114890","targetHints":{"allow":["GET"]}}],"collection":[{"href":"https:\/\/corrientesdetarde.com\/index.php\/wp-json\/wp\/v2\/posts"}],"about":[{"href":"https:\/\/corrientesdetarde.com\/index.php\/wp-json\/wp\/v2\/types\/post"}],"author":[{"embeddable":true,"href":"https:\/\/corrientesdetarde.com\/index.php\/wp-json\/wp\/v2\/users\/1"}],"replies":[{"embeddable":true,"href":"https:\/\/corrientesdetarde.com\/index.php\/wp-json\/wp\/v2\/comments?post=114890"}],"version-history":[{"count":1,"href":"https:\/\/corrientesdetarde.com\/index.php\/wp-json\/wp\/v2\/posts\/114890\/revisions"}],"predecessor-version":[{"id":114905,"href":"https:\/\/corrientesdetarde.com\/index.php\/wp-json\/wp\/v2\/posts\/114890\/revisions\/114905"}],"wp:featuredmedia":[{"embeddable":true,"href":"https:\/\/corrientesdetarde.com\/index.php\/wp-json\/wp\/v2\/media\/114902"}],"wp:attachment":[{"href":"https:\/\/corrientesdetarde.com\/index.php\/wp-json\/wp\/v2\/media?parent=114890"}],"wp:term":[{"taxonomy":"category","embeddable":true,"href":"https:\/\/corrientesdetarde.com\/index.php\/wp-json\/wp\/v2\/categories?post=114890"},{"taxonomy":"post_tag","embeddable":true,"href":"https:\/\/corrientesdetarde.com\/index.php\/wp-json\/wp\/v2\/tags?post=114890"}],"curies":[{"name":"wp","href":"https:\/\/api.w.org\/{rel}","templated":true}]}}